{"id":150833,"date":"2018-05-31T09:00:35","date_gmt":"2018-05-31T06:00:35","guid":{"rendered":"https:\/\/www.sana.sy\/tr\/?p=150833"},"modified":"2018-06-01T12:31:17","modified_gmt":"2018-06-01T09:31:17","slug":"suriyede-cozum-lavrov-ve-pompeonun-gundeminde","status":"publish","type":"post","link":"https:\/\/archive.sana.sy\/tr\/?p=150833","title":{"rendered":"Suriye&#8217;de \u00c7\u00f6z\u00fcm Lavrov ve Pompeo\u2019nun G\u00fcndeminde"},"content":{"rendered":"<p>MOSKOVA \u2013 Rusya D\u0131\u015fi\u015fleri Bakan\u0131 Sergey Lavrov ABD D\u0131\u015fi\u015fleri Bakan\u0131 Mike Pompeo\u2019nun giri\u015fimi \u00fczerine d\u00fcn ger\u00e7ekle\u015fen telefon g\u00f6r\u00fc\u015fmesinde Suriye&#8217;deki krizin \u00e7\u00f6z\u00fcm \u00e7abalar\u0131n\u0131 g\u00f6r\u00fc\u015ft\u00fc.<\/p>\n<p>Rusya D\u0131\u015fi\u015fleri Bakanl\u0131\u011f\u0131 yay\u0131nlad\u0131\u011f\u0131 b\u00fcltende iki d\u0131\u015fi\u015fleri bakan\u0131n\u0131n ayn\u0131 zamanda Ukrayna\u2019daki krizin \u00e7\u00f6z\u00fcm\u00fc ve iki \u00fclke aras\u0131ndaki ili\u015fkileri de ele ald\u0131klar\u0131n\u0131 belirtti.<\/p>\n<p>B\u00fcltende Lavrov ve Pompeo\u2019nun iki \u00fclke ba\u015fkanlar\u0131 aras\u0131nda ger\u00e7ekle\u015fen telefon g\u00f6r\u00fc\u015fmesinde belirlenen hedef ve g\u00f6revlerin ifa edilmesi i\u00e7in ortak \u00e7al\u0131\u015fmalar\u0131 s\u00fcrd\u00fcrme \u00fczerinde anla\u015ft\u0131klar\u0131 kaydedildi.<\/p>\n","protected":false},"excerpt":{"rendered":"<p>MOSKOVA \u2013 Rusya D\u0131\u015fi\u015fleri Bakan\u0131 Sergey Lavrov ABD D\u0131\u015fi\u015fleri Bakan\u0131 Mike Pompeo\u2019nun giri\u015fimi \u00fczerine d\u00fcn ger\u00e7ekle\u015fen telefon g\u00f6r\u00fc\u015fmesinde Suriye&#8217;deki krizin \u00e7\u00f6z\u00fcm \u00e7abalar\u0131n\u0131 g\u00f6r\u00fc\u015ft\u00fc. Rusya D\u0131\u015fi\u015fleri Bakanl\u0131\u011f\u0131 yay\u0131nlad\u0131\u011f\u0131 b\u00fcltende iki d\u0131\u015fi\u015fleri bakan\u0131n\u0131n ayn\u0131 zamanda Ukrayna\u2019daki krizin \u00e7\u00f6z\u00fcm\u00fc ve iki \u00fclke aras\u0131ndaki ili\u015fkileri de ele ald\u0131klar\u0131n\u0131 belirtti. B\u00fcltende Lavrov ve Pompeo\u2019nun iki \u00fclke ba\u015fkanlar\u0131 aras\u0131nda ger\u00e7ekle\u015fen telefon &hellip;<\/p>\n","protected":false},"author":1,"featured_media":150836,"comment_status":"closed","ping_status":"closed","sticky":false,"template":"","format":"standard","meta":{"footnotes":""},"categories":[458,459,17988],"tags":[19199,36343,23622,3846,18574],"class_list":["post-150833","post","type-post","status-publish","format-standard","has-post-thumbnail","","category-dunya1","category-haberler-arap-uluslararasi-politika","category-son-haberler","tag-disisleri-bakani","tag-mike-pompeo","tag-rusya-ve-abd","tag-sergey-lavrov","tag-suriye-krizi"],"_links":{"self":[{"href":"https:\/\/archive.sana.sy\/tr\/index.php?rest_route=\/wp\/v2\/posts\/150833","targetHints":{"allow":["GET"]}}],"collection":[{"href":"https:\/\/archive.sana.sy\/tr\/index.php?rest_route=\/wp\/v2\/posts"}],"about":[{"href":"https:\/\/archive.sana.sy\/tr\/index.php?rest_route=\/wp\/v2\/types\/post"}],"author":[{"embeddable":true,"href":"https:\/\/archive.sana.sy\/tr\/index.php?rest_route=\/wp\/v2\/users\/1"}],"replies":[{"embeddable":true,"href":"https:\/\/archive.sana.sy\/tr\/index.php?rest_route=%2Fwp%2Fv2%2Fcomments&post=150833"}],"version-history":[{"count":0,"href":"https:\/\/archive.sana.sy\/tr\/index.php?rest_route=\/wp\/v2\/posts\/150833\/revisions"}],"wp:featuredmedia":[{"embeddable":true,"href":"https:\/\/archive.sana.sy\/tr\/index.php?rest_route=\/wp\/v2\/media\/150836"}],"wp:attachment":[{"href":"https:\/\/archive.sana.sy\/tr\/index.php?rest_route=%2Fwp%2Fv2%2Fmedia&parent=150833"}],"wp:term":[{"taxonomy":"category","embeddable":true,"href":"https:\/\/archive.sana.sy\/tr\/index.php?rest_route=%2Fwp%2Fv2%2Fcategories&post=150833"},{"taxonomy":"post_tag","embeddable":true,"href":"https:\/\/archive.sana.sy\/tr\/index.php?rest_route=%2Fwp%2Fv2%2Ftags&post=150833"}],"curies":[{"name":"wp","href":"https:\/\/api.w.org\/{rel}","templated":true}]}}