{"id":150875,"date":"2018-06-01T14:17:21","date_gmt":"2018-06-01T11:17:21","guid":{"rendered":"https:\/\/www.sana.sy\/tr\/?p=150875"},"modified":"2018-06-02T14:39:47","modified_gmt":"2018-06-02T11:39:47","slug":"suriyelilerin-hayali-opereti-faaliyetlerine-basladi","status":"publish","type":"post","link":"https:\/\/archive.sana.sy\/tr\/?p=150875","title":{"rendered":"Suriyelilerin Hayali Opereti Faaliyetlerine Ba\u015flad\u0131"},"content":{"rendered":"<p>\u015eAM \u2013 Suriyeliler t\u00fcm d\u00fcnyaya seslerini ve maruz kald\u0131klar\u0131 zalim sava\u015f\u0131n ger\u00e7eklerini yans\u0131tmak amac\u0131yla \u2018Suriyelilerin Hayali Opereti\u2019 slogan\u0131 alt\u0131nda bir faaliyet ba\u015flatt\u0131.<\/p>\n<p>Ba\u015fkent \u015eam\u2019\u0131n do\u011fusunda y\u0131llard\u0131r Do\u011fu \u011euta\u2019da bulunan ter\u00f6ristlerin f\u00fcze ve keskin ni\u015fanc\u0131 sald\u0131r\u0131lar\u0131na maruz kalan Abbasiler Meydan\u0131nda ba\u015flat\u0131lan faaliyette Suriyeliler y\u00fcrekleri gibi beyaz bir levhan\u0131n \u00fczerine hayallerini ifade edip resmediyorlar.<\/p>\n<p>Faaliyet Y\u00f6netmeni Fuar Muhtar SANA\u2019n\u0131n k\u00fclt\u00fcr b\u00fcltenine yapt\u0131\u011f\u0131 a\u00e7\u0131klamada; Suriyelilerin y\u00fcreklerindeki pakl\u0131k, sevgi ve bar\u0131\u015f\u0131 simgeleyen beyaz levhan\u0131n, yetenekli \u00e7ocuklar\u0131n yan\u0131 s\u0131ra \u00fcnl\u00fc ses sanat\u00e7\u0131lar\u0131n\u0131n kat\u0131l\u0131m\u0131yla d\u00fczenlenecek b\u00fcy\u00fck bir operetin temelini te\u015fkil edece\u011fini s\u00f6yledi.<\/p>\n<p>Muhtar Suriyelilerin bu operetlerinde Suriyelilerin asil medeniyetlere sahip vatanlar\u0131, miraslar\u0131 ve k\u00fclt\u00fcrlerine sevgi ve ba\u011fl\u0131l\u0131klar\u0131n\u0131 t\u00fcm d\u00fcnyaya duyurmak istediklerini kaydetti.<\/p>\n<p>Farkl\u0131 b\u00f6lgelerden vatanda\u015flar\u0131n hayallerini ifade etmek i\u00e7in Abbasiler Meydan\u0131na ak\u0131n edip beyaz levhan\u0131n \u00fczerine hayallerini resmettiklerine dikkat \u00e7eken Muhtar; vatan sevgisinden ibaret ortak paydada t\u00fcm vatanda\u015flar\u0131n Suriye&#8217;nin maruz kald\u0131\u011f\u0131 ter\u00f6r ve destek\u00e7ilerine kar\u015f\u0131 \u015fanl\u0131 bir zafer kazan\u0131p g\u00fcvenlik ve istikrar\u0131na yeniden kavu\u015fmas\u0131 temennilerinde bulunduklar\u0131n\u0131 s\u00f6yledi.<\/p>\n<div id='gallery-1' class='gallery galleryid-150875 gallery-columns-3 gallery-size-thumbnail'><figure class='gallery-item'>\n\t\t\t<div class='gallery-icon landscape'>\n\t\t\t\t<a href='https:\/\/archive.sana.sy\/tr\/wp-content\/uploads\/2018\/06\/0000.jpg'><img loading=\"lazy\" decoding=\"async\" width=\"150\" height=\"101\" src=\"https:\/\/archive.sana.sy\/tr\/wp-content\/uploads\/2018\/06\/0000-150x101.jpg\" class=\"attachment-thumbnail size-thumbnail\" alt=\"\" srcset=\"https:\/\/archive.sana.sy\/tr\/wp-content\/uploads\/2018\/06\/0000-150x101.jpg 150w, https:\/\/archive.sana.sy\/tr\/wp-content\/uploads\/2018\/06\/0000-300x202.jpg 300w, https:\/\/archive.sana.sy\/tr\/wp-content\/uploads\/2018\/06\/0000-768x517.jpg 768w, https:\/\/archive.sana.sy\/tr\/wp-content\/uploads\/2018\/06\/0000-1024x689.jpg 1024w, https:\/\/archive.sana.sy\/tr\/wp-content\/uploads\/2018\/06\/0000-110x75.jpg 110w, https:\/\/archive.sana.sy\/tr\/wp-content\/uploads\/2018\/06\/0000.jpg 1200w\" sizes=\"auto, (max-width: 150px) 100vw, 150px\" \/><\/a>\n\t\t\t<\/div><\/figure><figure class='gallery-item'>\n\t\t\t<div class='gallery-icon landscape'>\n\t\t\t\t<a href='https:\/\/archive.sana.sy\/tr\/wp-content\/uploads\/2018\/06\/000.jpg'><img loading=\"lazy\" decoding=\"async\" width=\"150\" height=\"102\" src=\"https:\/\/archive.sana.sy\/tr\/wp-content\/uploads\/2018\/06\/000-150x102.jpg\" class=\"attachment-thumbnail size-thumbnail\" alt=\"\" srcset=\"https:\/\/archive.sana.sy\/tr\/wp-content\/uploads\/2018\/06\/000-150x102.jpg 150w, https:\/\/archive.sana.sy\/tr\/wp-content\/uploads\/2018\/06\/000-300x204.jpg 300w, https:\/\/archive.sana.sy\/tr\/wp-content\/uploads\/2018\/06\/000-768x523.jpg 768w, https:\/\/archive.sana.sy\/tr\/wp-content\/uploads\/2018\/06\/000-1024x697.jpg 1024w, https:\/\/archive.sana.sy\/tr\/wp-content\/uploads\/2018\/06\/000-110x75.jpg 110w, https:\/\/archive.sana.sy\/tr\/wp-content\/uploads\/2018\/06\/000.jpg 1200w\" sizes=\"auto, (max-width: 150px) 100vw, 150px\" \/><\/a>\n\t\t\t<\/div><\/figure><figure class='gallery-item'>\n\t\t\t<div class='gallery-icon landscape'>\n\t\t\t\t<a href='https:\/\/archive.sana.sy\/tr\/wp-content\/uploads\/2018\/06\/00-1.jpg'><img loading=\"lazy\" decoding=\"async\" width=\"150\" height=\"103\" src=\"https:\/\/archive.sana.sy\/tr\/wp-content\/uploads\/2018\/06\/00-1-150x103.jpg\" class=\"attachment-thumbnail size-thumbnail\" alt=\"\" srcset=\"https:\/\/archive.sana.sy\/tr\/wp-content\/uploads\/2018\/06\/00-1-150x103.jpg 150w, https:\/\/archive.sana.sy\/tr\/wp-content\/uploads\/2018\/06\/00-1-300x207.jpg 300w, https:\/\/archive.sana.sy\/tr\/wp-content\/uploads\/2018\/06\/00-1-768x529.jpg 768w, https:\/\/archive.sana.sy\/tr\/wp-content\/uploads\/2018\/06\/00-1-1024x706.jpg 1024w, https:\/\/archive.sana.sy\/tr\/wp-content\/uploads\/2018\/06\/00-1-110x75.jpg 110w, https:\/\/archive.sana.sy\/tr\/wp-content\/uploads\/2018\/06\/00-1.jpg 1200w\" sizes=\"auto, (max-width: 150px) 100vw, 150px\" \/><\/a>\n\t\t\t<\/div><\/figure>\n\t\t<\/div>\n\n","protected":false},"excerpt":{"rendered":"<p>\u015eAM \u2013 Suriyeliler t\u00fcm d\u00fcnyaya seslerini ve maruz kald\u0131klar\u0131 zalim sava\u015f\u0131n ger\u00e7eklerini yans\u0131tmak amac\u0131yla \u2018Suriyelilerin Hayali Opereti\u2019 slogan\u0131 alt\u0131nda bir faaliyet ba\u015flatt\u0131. Ba\u015fkent \u015eam\u2019\u0131n do\u011fusunda y\u0131llard\u0131r Do\u011fu \u011euta\u2019da bulunan ter\u00f6ristlerin f\u00fcze ve keskin ni\u015fanc\u0131 sald\u0131r\u0131lar\u0131na maruz kalan Abbasiler Meydan\u0131nda ba\u015flat\u0131lan faaliyette Suriyeliler y\u00fcrekleri gibi beyaz bir levhan\u0131n \u00fczerine hayallerini ifade edip resmediyorlar. Faaliyet Y\u00f6netmeni Fuar &hellip;<\/p>\n","protected":false},"author":1,"featured_media":150876,"comment_status":"closed","ping_status":"closed","sticky":false,"template":"","format":"standard","meta":{"footnotes":""},"categories":[516,479,511,17988,478],"tags":[17322,36348,10741,22181,6209,36347,2509],"class_list":["post-150875","post","type-post","status-publish","format-standard","has-post-thumbnail","","category-haberler-kultur-ve-sanat","category-haberler-yerel","category-kultur-ve-sanat","category-son-haberler","category-yerel","tag-dogu-guta","tag-faaliyet-yonetmeni-fuar-muhtar","tag-fuze","tag-suriyeliler","tag-suriyelilerin","tag-suriyelilerin-hayali-opereti","tag-teroristlerin"],"_links":{"self":[{"href":"https:\/\/archive.sana.sy\/tr\/index.php?rest_route=\/wp\/v2\/posts\/150875","targetHints":{"allow":["GET"]}}],"collection":[{"href":"https:\/\/archive.sana.sy\/tr\/index.php?rest_route=\/wp\/v2\/posts"}],"about":[{"href":"https:\/\/archive.sana.sy\/tr\/index.php?rest_route=\/wp\/v2\/types\/post"}],"author":[{"embeddable":true,"href":"https:\/\/archive.sana.sy\/tr\/index.php?rest_route=\/wp\/v2\/users\/1"}],"replies":[{"embeddable":true,"href":"https:\/\/archive.sana.sy\/tr\/index.php?rest_route=%2Fwp%2Fv2%2Fcomments&post=150875"}],"version-history":[{"count":0,"href":"https:\/\/archive.sana.sy\/tr\/index.php?rest_route=\/wp\/v2\/posts\/150875\/revisions"}],"wp:featuredmedia":[{"embeddable":true,"href":"https:\/\/archive.sana.sy\/tr\/index.php?rest_route=\/wp\/v2\/media\/150876"}],"wp:attachment":[{"href":"https:\/\/archive.sana.sy\/tr\/index.php?rest_route=%2Fwp%2Fv2%2Fmedia&parent=150875"}],"wp:term":[{"taxonomy":"category","embeddable":true,"href":"https:\/\/archive.sana.sy\/tr\/index.php?rest_route=%2Fwp%2Fv2%2Fcategories&post=150875"},{"taxonomy":"post_tag","embeddable":true,"href":"https:\/\/archive.sana.sy\/tr\/index.php?rest_route=%2Fwp%2Fv2%2Ftags&post=150875"}],"curies":[{"name":"wp","href":"https:\/\/api.w.org\/{rel}","templated":true}]}}