{"id":150885,"date":"2018-06-01T14:43:43","date_gmt":"2018-06-01T11:43:43","guid":{"rendered":"https:\/\/www.sana.sy\/tr\/?p=150885"},"modified":"2018-06-01T14:43:43","modified_gmt":"2018-06-01T11:43:43","slug":"misirda-ustun-basari-kaydeden-suriyeli-ogrenciler-vatana-donme-ve-yeniden-yapilanmasina-katki-saglama-azimlerini-ifade-etti","status":"publish","type":"post","link":"https:\/\/archive.sana.sy\/tr\/?p=150885","title":{"rendered":"M\u0131s\u0131r\u2019da \u00fcst\u00fcn ba\u015far\u0131 kaydeden Suriyeli \u00f6\u011frenciler vatana d\u00f6nme ve yeniden yap\u0131lanmas\u0131na katk\u0131 sa\u011flama azimlerini ifade etti"},"content":{"rendered":"<p>M\u0131s\u0131r\u2019da \u00fcst\u00fcn ba\u015far\u0131 kaydeden Suriyeli \u00f6\u011frenciler vatana d\u00f6nme ve yeniden yap\u0131lanmas\u0131na katk\u0131 sa\u011flama azimlerini ifade etti<\/p>\n<p>&nbsp;<\/p>\n","protected":false},"excerpt":{"rendered":"<p>M\u0131s\u0131r\u2019da \u00fcst\u00fcn ba\u015far\u0131 kaydeden Suriyeli \u00f6\u011frenciler vatana d\u00f6nme ve yeniden yap\u0131lanmas\u0131na katk\u0131 sa\u011flama azimlerini ifade etti &nbsp;<\/p>\n","protected":false},"author":1,"featured_media":150895,"comment_status":"closed","ping_status":"closed","sticky":false,"template":"","format":"standard","meta":{"footnotes":""},"categories":[573],"tags":[],"class_list":["post-150885","post","type-post","status-publish","format-standard","has-post-thumbnail","","category-goruntulu-olaylar"],"_links":{"self":[{"href":"https:\/\/archive.sana.sy\/tr\/index.php?rest_route=\/wp\/v2\/posts\/150885","targetHints":{"allow":["GET"]}}],"collection":[{"href":"https:\/\/archive.sana.sy\/tr\/index.php?rest_route=\/wp\/v2\/posts"}],"about":[{"href":"https:\/\/archive.sana.sy\/tr\/index.php?rest_route=\/wp\/v2\/types\/post"}],"author":[{"embeddable":true,"href":"https:\/\/archive.sana.sy\/tr\/index.php?rest_route=\/wp\/v2\/users\/1"}],"replies":[{"embeddable":true,"href":"https:\/\/archive.sana.sy\/tr\/index.php?rest_route=%2Fwp%2Fv2%2Fcomments&post=150885"}],"version-history":[{"count":0,"href":"https:\/\/archive.sana.sy\/tr\/index.php?rest_route=\/wp\/v2\/posts\/150885\/revisions"}],"wp:featuredmedia":[{"embeddable":true,"href":"https:\/\/archive.sana.sy\/tr\/index.php?rest_route=\/wp\/v2\/media\/150895"}],"wp:attachment":[{"href":"https:\/\/archive.sana.sy\/tr\/index.php?rest_route=%2Fwp%2Fv2%2Fmedia&parent=150885"}],"wp:term":[{"taxonomy":"category","embeddable":true,"href":"https:\/\/archive.sana.sy\/tr\/index.php?rest_route=%2Fwp%2Fv2%2Fcategories&post=150885"},{"taxonomy":"post_tag","embeddable":true,"href":"https:\/\/archive.sana.sy\/tr\/index.php?rest_route=%2Fwp%2Fv2%2Ftags&post=150885"}],"curies":[{"name":"wp","href":"https:\/\/api.w.org\/{rel}","templated":true}]}}