{"id":150890,"date":"2018-06-01T15:37:50","date_gmt":"2018-06-01T12:37:50","guid":{"rendered":"https:\/\/www.sana.sy\/tr\/?p=150890"},"modified":"2018-06-01T15:37:50","modified_gmt":"2018-06-01T12:37:50","slug":"el-esad-rt-kanalina-roportajinda-israilin-kendisine-ve-suriye-devletine-karsi-tehditlerine-iliskin-vizyonu-ifade-etti","status":"publish","type":"post","link":"https:\/\/archive.sana.sy\/tr\/?p=150890","title":{"rendered":"El Esad RT kanal\u0131na r\u00f6portaj\u0131nda \u0130srail\u2019in kendisine ve Suriye devletine kar\u015f\u0131 tehditlerine ili\u015fkin vizyonu ifade etti"},"content":{"rendered":"<p>El Esad RT kanal\u0131na r\u00f6portaj\u0131nda \u0130srail\u2019in kendisine ve Suriye devletine kar\u015f\u0131 tehditlerine ili\u015fkin vizyonu ifade etti<\/p>\n<p>https:\/\/www.youtube.com\/watch?v=S-cuJ76H7vA<\/p>\n","protected":false},"excerpt":{"rendered":"<p>El Esad RT kanal\u0131na r\u00f6portaj\u0131nda \u0130srail\u2019in kendisine ve Suriye devletine kar\u015f\u0131 tehditlerine ili\u015fkin vizyonu ifade etti https:\/\/www.youtube.com\/watch?v=S-cuJ76H7vA<\/p>\n","protected":false},"author":1,"featured_media":150911,"comment_status":"closed","ping_status":"closed","sticky":false,"template":"","format":"standard","meta":{"footnotes":""},"categories":[18295],"tags":[],"class_list":["post-150890","post","type-post","status-publish","format-standard","has-post-thumbnail","","category-sana-video"],"_links":{"self":[{"href":"https:\/\/archive.sana.sy\/tr\/index.php?rest_route=\/wp\/v2\/posts\/150890","targetHints":{"allow":["GET"]}}],"collection":[{"href":"https:\/\/archive.sana.sy\/tr\/index.php?rest_route=\/wp\/v2\/posts"}],"about":[{"href":"https:\/\/archive.sana.sy\/tr\/index.php?rest_route=\/wp\/v2\/types\/post"}],"author":[{"embeddable":true,"href":"https:\/\/archive.sana.sy\/tr\/index.php?rest_route=\/wp\/v2\/users\/1"}],"replies":[{"embeddable":true,"href":"https:\/\/archive.sana.sy\/tr\/index.php?rest_route=%2Fwp%2Fv2%2Fcomments&post=150890"}],"version-history":[{"count":0,"href":"https:\/\/archive.sana.sy\/tr\/index.php?rest_route=\/wp\/v2\/posts\/150890\/revisions"}],"wp:featuredmedia":[{"embeddable":true,"href":"https:\/\/archive.sana.sy\/tr\/index.php?rest_route=\/wp\/v2\/media\/150911"}],"wp:attachment":[{"href":"https:\/\/archive.sana.sy\/tr\/index.php?rest_route=%2Fwp%2Fv2%2Fmedia&parent=150890"}],"wp:term":[{"taxonomy":"category","embeddable":true,"href":"https:\/\/archive.sana.sy\/tr\/index.php?rest_route=%2Fwp%2Fv2%2Fcategories&post=150890"},{"taxonomy":"post_tag","embeddable":true,"href":"https:\/\/archive.sana.sy\/tr\/index.php?rest_route=%2Fwp%2Fv2%2Ftags&post=150890"}],"curies":[{"name":"wp","href":"https:\/\/api.w.org\/{rel}","templated":true}]}}