{"id":150979,"date":"2018-06-02T13:17:15","date_gmt":"2018-06-02T10:17:15","guid":{"rendered":"https:\/\/www.sana.sy\/tr\/?p=150979"},"modified":"2018-06-02T13:17:15","modified_gmt":"2018-06-02T10:17:15","slug":"basbakan-yardimcisi-disisleri-ve-gurbetciler-bakani-velid-muallim-suriyede-mevcut-anayasayi-tartisacak-komitede-hukumetin-destekledigi-adaylarin-listesini-buyukelcilikler-araciligi-ile-rusya-ve-ira","status":"publish","type":"post","link":"https:\/\/archive.sana.sy\/tr\/?p=150979","title":{"rendered":"Ba\u015fbakan Yard\u0131mc\u0131s\u0131 D\u0131\u015fi\u015fleri ve Gurbet\u00e7iler Bakan\u0131 Velid Muallim; Suriye&#8217;de mevcut anayasay\u0131 tart\u0131\u015facak komitede h\u00fck\u00fcmetin destekledi\u011fi adaylar\u0131n listesini b\u00fcy\u00fckel\u00e7ilikler arac\u0131l\u0131\u011f\u0131 ile Rusya ve \u0130ran h\u00fck\u00fcmetlerine teslim etmenin, bu iki \u00fclkenin Astana s\u00fcrecinde garant\u00f6r \u00fclkeler olmalar\u0131 bab\u0131nda geldi\u011fini belirtti."},"content":{"rendered":"<p>Ba\u015fbakan Yard\u0131mc\u0131s\u0131 D\u0131\u015fi\u015fleri ve Gurbet\u00e7iler Bakan\u0131 Velid Muallim; Suriye&#8217;de mevcut anayasay\u0131 tart\u0131\u015facak komitede h\u00fck\u00fcmetin destekledi\u011fi adaylar\u0131n listesini b\u00fcy\u00fckel\u00e7ilikler arac\u0131l\u0131\u011f\u0131 ile Rusya ve \u0130ran h\u00fck\u00fcmetlerine teslim etmenin, bu iki \u00fclkenin Astana s\u00fcrecinde garant\u00f6r \u00fclkeler olmalar\u0131 bab\u0131nda geldi\u011fini belirtti.<\/p>\n","protected":false},"excerpt":{"rendered":"<p>Ba\u015fbakan Yard\u0131mc\u0131s\u0131 D\u0131\u015fi\u015fleri ve Gurbet\u00e7iler Bakan\u0131 Velid Muallim; Suriye&#8217;de mevcut anayasay\u0131 tart\u0131\u015facak komitede h\u00fck\u00fcmetin destekledi\u011fi adaylar\u0131n listesini b\u00fcy\u00fckel\u00e7ilikler arac\u0131l\u0131\u011f\u0131 ile Rusya ve \u0130ran h\u00fck\u00fcmetlerine teslim etmenin, bu iki \u00fclkenin Astana s\u00fcrecinde garant\u00f6r \u00fclkeler olmalar\u0131 bab\u0131nda geldi\u011fini belirtti.<\/p>\n","protected":false},"author":1,"featured_media":0,"comment_status":"closed","ping_status":"closed","sticky":false,"template":"","format":"standard","meta":{"footnotes":""},"categories":[17991],"tags":[],"class_list":["post-150979","post","type-post","status-publish","format-standard","","category-son-dakika"],"_links":{"self":[{"href":"https:\/\/archive.sana.sy\/tr\/index.php?rest_route=\/wp\/v2\/posts\/150979","targetHints":{"allow":["GET"]}}],"collection":[{"href":"https:\/\/archive.sana.sy\/tr\/index.php?rest_route=\/wp\/v2\/posts"}],"about":[{"href":"https:\/\/archive.sana.sy\/tr\/index.php?rest_route=\/wp\/v2\/types\/post"}],"author":[{"embeddable":true,"href":"https:\/\/archive.sana.sy\/tr\/index.php?rest_route=\/wp\/v2\/users\/1"}],"replies":[{"embeddable":true,"href":"https:\/\/archive.sana.sy\/tr\/index.php?rest_route=%2Fwp%2Fv2%2Fcomments&post=150979"}],"version-history":[{"count":0,"href":"https:\/\/archive.sana.sy\/tr\/index.php?rest_route=\/wp\/v2\/posts\/150979\/revisions"}],"wp:attachment":[{"href":"https:\/\/archive.sana.sy\/tr\/index.php?rest_route=%2Fwp%2Fv2%2Fmedia&parent=150979"}],"wp:term":[{"taxonomy":"category","embeddable":true,"href":"https:\/\/archive.sana.sy\/tr\/index.php?rest_route=%2Fwp%2Fv2%2Fcategories&post=150979"},{"taxonomy":"post_tag","embeddable":true,"href":"https:\/\/archive.sana.sy\/tr\/index.php?rest_route=%2Fwp%2Fv2%2Ftags&post=150979"}],"curies":[{"name":"wp","href":"https:\/\/api.w.org\/{rel}","templated":true}]}}