{"id":150982,"date":"2018-06-02T13:22:28","date_gmt":"2018-06-02T10:22:28","guid":{"rendered":"https:\/\/www.sana.sy\/tr\/?p=150982"},"modified":"2018-06-02T13:22:28","modified_gmt":"2018-06-02T10:22:28","slug":"baskent-samda-bugun-basin-toplantisi-duzenleyen-muallim-suriye-devletinin-anayasayi-tartisacak-komitede-yer-almalari-icin-50-uyenin-adini-gonderdigini-ifade-ederken-komite-uye-sayisinin-bel","status":"publish","type":"post","link":"https:\/\/archive.sana.sy\/tr\/?p=150982","title":{"rendered":"Ba\u015fkent \u015eam\u2019da bug\u00fcn bas\u0131n toplant\u0131s\u0131 d\u00fczenleyen Muallim; Suriye devletinin anayasay\u0131 tart\u0131\u015facak komitede yer almalar\u0131 i\u00e7in 50 \u00fcyenin ad\u0131n\u0131 g\u00f6nderdi\u011fini ifade ederken, komite \u00fcye say\u0131s\u0131n\u0131n belirlenmesi halinde Suriye devletine tabi \u00fcye say\u0131s\u0131n\u0131n \u00e7o\u011funluk olaca\u011f\u0131n\u0131, komitenin de toplu oy ile karar alaca\u011f\u0131n\u0131 a\u00e7\u0131klad\u0131"},"content":{"rendered":"<p>Ba\u015fkent \u015eam\u2019da bug\u00fcn bas\u0131n toplant\u0131s\u0131 d\u00fczenleyen Muallim; Suriye devletinin anayasay\u0131 tart\u0131\u015facak komitede yer almalar\u0131 i\u00e7in 50 \u00fcyenin ad\u0131n\u0131 g\u00f6nderdi\u011fini ifade ederken, komite \u00fcye say\u0131s\u0131n\u0131n belirlenmesi halinde Suriye devletine tabi \u00fcye say\u0131s\u0131n\u0131n \u00e7o\u011funluk olaca\u011f\u0131n\u0131, komitenin de toplu oy ile karar alaca\u011f\u0131n\u0131 a\u00e7\u0131klad\u0131<\/p>\n","protected":false},"excerpt":{"rendered":"<p>Ba\u015fkent \u015eam\u2019da bug\u00fcn bas\u0131n toplant\u0131s\u0131 d\u00fczenleyen Muallim; Suriye devletinin anayasay\u0131 tart\u0131\u015facak komitede yer almalar\u0131 i\u00e7in 50 \u00fcyenin ad\u0131n\u0131 g\u00f6nderdi\u011fini ifade ederken, komite \u00fcye say\u0131s\u0131n\u0131n belirlenmesi halinde Suriye devletine tabi \u00fcye say\u0131s\u0131n\u0131n \u00e7o\u011funluk olaca\u011f\u0131n\u0131, komitenin de toplu oy ile karar alaca\u011f\u0131n\u0131 a\u00e7\u0131klad\u0131<\/p>\n","protected":false},"author":1,"featured_media":0,"comment_status":"closed","ping_status":"closed","sticky":false,"template":"","format":"standard","meta":{"footnotes":""},"categories":[17991],"tags":[],"class_list":["post-150982","post","type-post","status-publish","format-standard","","category-son-dakika"],"_links":{"self":[{"href":"https:\/\/archive.sana.sy\/tr\/index.php?rest_route=\/wp\/v2\/posts\/150982","targetHints":{"allow":["GET"]}}],"collection":[{"href":"https:\/\/archive.sana.sy\/tr\/index.php?rest_route=\/wp\/v2\/posts"}],"about":[{"href":"https:\/\/archive.sana.sy\/tr\/index.php?rest_route=\/wp\/v2\/types\/post"}],"author":[{"embeddable":true,"href":"https:\/\/archive.sana.sy\/tr\/index.php?rest_route=\/wp\/v2\/users\/1"}],"replies":[{"embeddable":true,"href":"https:\/\/archive.sana.sy\/tr\/index.php?rest_route=%2Fwp%2Fv2%2Fcomments&post=150982"}],"version-history":[{"count":0,"href":"https:\/\/archive.sana.sy\/tr\/index.php?rest_route=\/wp\/v2\/posts\/150982\/revisions"}],"wp:attachment":[{"href":"https:\/\/archive.sana.sy\/tr\/index.php?rest_route=%2Fwp%2Fv2%2Fmedia&parent=150982"}],"wp:term":[{"taxonomy":"category","embeddable":true,"href":"https:\/\/archive.sana.sy\/tr\/index.php?rest_route=%2Fwp%2Fv2%2Fcategories&post=150982"},{"taxonomy":"post_tag","embeddable":true,"href":"https:\/\/archive.sana.sy\/tr\/index.php?rest_route=%2Fwp%2Fv2%2Ftags&post=150982"}],"curies":[{"name":"wp","href":"https:\/\/api.w.org\/{rel}","templated":true}]}}