{"id":150984,"date":"2018-06-02T13:26:07","date_gmt":"2018-06-02T10:26:07","guid":{"rendered":"https:\/\/www.sana.sy\/tr\/?p=150984"},"modified":"2018-06-02T13:26:07","modified_gmt":"2018-06-02T10:26:07","slug":"iranin-krizin-basindan-beri-suriyenin-yaninda-oldugunu-ve-gerekli-destegi-temin-ettigini-ifade-eden-muallim-suriyenin-yardim-ve-desteginden-dolayi-iran-hukumeti-ve-halkina-sukranlarini-k","status":"publish","type":"post","link":"https:\/\/archive.sana.sy\/tr\/?p=150984","title":{"rendered":"\u0130ran\u2019\u0131n krizin ba\u015f\u0131ndan beri Suriye&#8217;nin yan\u0131nda oldu\u011funu ve gerekli deste\u011fi temin etti\u011fini ifade eden Muallim; Suriye&#8217;nin yard\u0131m ve deste\u011finden dolay\u0131 \u0130ran h\u00fck\u00fcmeti ve halk\u0131na \u015f\u00fckranlar\u0131n\u0131 kaydetti."},"content":{"rendered":"<p>\u0130ran\u2019\u0131n krizin ba\u015f\u0131ndan beri Suriye&#8217;nin yan\u0131nda oldu\u011funu ve gerekli deste\u011fi temin etti\u011fini ifade eden Muallim; Suriye&#8217;nin yard\u0131m ve deste\u011finden dolay\u0131 \u0130ran h\u00fck\u00fcmeti ve halk\u0131na \u015f\u00fckranlar\u0131n\u0131 kaydetti.<\/p>\n","protected":false},"excerpt":{"rendered":"<p>\u0130ran\u2019\u0131n krizin ba\u015f\u0131ndan beri Suriye&#8217;nin yan\u0131nda oldu\u011funu ve gerekli deste\u011fi temin etti\u011fini ifade eden Muallim; Suriye&#8217;nin yard\u0131m ve deste\u011finden dolay\u0131 \u0130ran h\u00fck\u00fcmeti ve halk\u0131na \u015f\u00fckranlar\u0131n\u0131 kaydetti.<\/p>\n","protected":false},"author":1,"featured_media":0,"comment_status":"closed","ping_status":"closed","sticky":false,"template":"","format":"standard","meta":{"footnotes":""},"categories":[17991],"tags":[],"class_list":["post-150984","post","type-post","status-publish","format-standard","","category-son-dakika"],"_links":{"self":[{"href":"https:\/\/archive.sana.sy\/tr\/index.php?rest_route=\/wp\/v2\/posts\/150984","targetHints":{"allow":["GET"]}}],"collection":[{"href":"https:\/\/archive.sana.sy\/tr\/index.php?rest_route=\/wp\/v2\/posts"}],"about":[{"href":"https:\/\/archive.sana.sy\/tr\/index.php?rest_route=\/wp\/v2\/types\/post"}],"author":[{"embeddable":true,"href":"https:\/\/archive.sana.sy\/tr\/index.php?rest_route=\/wp\/v2\/users\/1"}],"replies":[{"embeddable":true,"href":"https:\/\/archive.sana.sy\/tr\/index.php?rest_route=%2Fwp%2Fv2%2Fcomments&post=150984"}],"version-history":[{"count":0,"href":"https:\/\/archive.sana.sy\/tr\/index.php?rest_route=\/wp\/v2\/posts\/150984\/revisions"}],"wp:attachment":[{"href":"https:\/\/archive.sana.sy\/tr\/index.php?rest_route=%2Fwp%2Fv2%2Fmedia&parent=150984"}],"wp:term":[{"taxonomy":"category","embeddable":true,"href":"https:\/\/archive.sana.sy\/tr\/index.php?rest_route=%2Fwp%2Fv2%2Fcategories&post=150984"},{"taxonomy":"post_tag","embeddable":true,"href":"https:\/\/archive.sana.sy\/tr\/index.php?rest_route=%2Fwp%2Fv2%2Ftags&post=150984"}],"curies":[{"name":"wp","href":"https:\/\/api.w.org\/{rel}","templated":true}]}}