{"id":150986,"date":"2018-06-02T13:28:35","date_gmt":"2018-06-02T10:28:35","guid":{"rendered":"https:\/\/www.sana.sy\/tr\/?p=150986"},"modified":"2018-06-02T13:28:35","modified_gmt":"2018-06-02T10:28:35","slug":"muallim-iranin-uluslar-arasi-ve-bolgesel-destek-ve-finans-alan-terore-karsi-savasinda-suriyeye-yardim-ettigini-ifade-ederken-fakat-suriye-topraklari-uzerinde-iranli-askerlerin-bulunmadigi","status":"publish","type":"post","link":"https:\/\/archive.sana.sy\/tr\/?p=150986","title":{"rendered":"Muallim \u0130ran\u2019\u0131n, uluslar aras\u0131 ve b\u00f6lgesel destek ve finans alan ter\u00f6re kar\u015f\u0131 sava\u015f\u0131nda Suriye&#8217;ye yard\u0131m etti\u011fini ifade ederken, fakat Suriye topraklar\u0131 \u00fczerinde \u0130ranl\u0131 askerlerin bulunmad\u0131\u011f\u0131n\u0131, sadece Suriye ordusu ile birlikte \u00e7al\u0131\u015fan \u0130ranl\u0131 m\u00fcste\u015farlar\u0131n bulundu\u011funu vurgulad\u0131."},"content":{"rendered":"<p>Muallim \u0130ran\u2019\u0131n, uluslar aras\u0131 ve b\u00f6lgesel destek ve finans alan ter\u00f6re kar\u015f\u0131 sava\u015f\u0131nda Suriye&#8217;ye yard\u0131m etti\u011fini ifade ederken, fakat Suriye topraklar\u0131 \u00fczerinde \u0130ranl\u0131 askerlerin bulunmad\u0131\u011f\u0131n\u0131, sadece Suriye ordusu ile birlikte \u00e7al\u0131\u015fan \u0130ranl\u0131 m\u00fcste\u015farlar\u0131n bulundu\u011funu vurgulad\u0131.<\/p>\n","protected":false},"excerpt":{"rendered":"<p>Muallim \u0130ran\u2019\u0131n, uluslar aras\u0131 ve b\u00f6lgesel destek ve finans alan ter\u00f6re kar\u015f\u0131 sava\u015f\u0131nda Suriye&#8217;ye yard\u0131m etti\u011fini ifade ederken, fakat Suriye topraklar\u0131 \u00fczerinde \u0130ranl\u0131 askerlerin bulunmad\u0131\u011f\u0131n\u0131, sadece Suriye ordusu ile birlikte \u00e7al\u0131\u015fan \u0130ranl\u0131 m\u00fcste\u015farlar\u0131n bulundu\u011funu vurgulad\u0131.<\/p>\n","protected":false},"author":1,"featured_media":0,"comment_status":"closed","ping_status":"closed","sticky":false,"template":"","format":"standard","meta":{"footnotes":""},"categories":[17991],"tags":[],"class_list":["post-150986","post","type-post","status-publish","format-standard","","category-son-dakika"],"_links":{"self":[{"href":"https:\/\/archive.sana.sy\/tr\/index.php?rest_route=\/wp\/v2\/posts\/150986","targetHints":{"allow":["GET"]}}],"collection":[{"href":"https:\/\/archive.sana.sy\/tr\/index.php?rest_route=\/wp\/v2\/posts"}],"about":[{"href":"https:\/\/archive.sana.sy\/tr\/index.php?rest_route=\/wp\/v2\/types\/post"}],"author":[{"embeddable":true,"href":"https:\/\/archive.sana.sy\/tr\/index.php?rest_route=\/wp\/v2\/users\/1"}],"replies":[{"embeddable":true,"href":"https:\/\/archive.sana.sy\/tr\/index.php?rest_route=%2Fwp%2Fv2%2Fcomments&post=150986"}],"version-history":[{"count":0,"href":"https:\/\/archive.sana.sy\/tr\/index.php?rest_route=\/wp\/v2\/posts\/150986\/revisions"}],"wp:attachment":[{"href":"https:\/\/archive.sana.sy\/tr\/index.php?rest_route=%2Fwp%2Fv2%2Fmedia&parent=150986"}],"wp:term":[{"taxonomy":"category","embeddable":true,"href":"https:\/\/archive.sana.sy\/tr\/index.php?rest_route=%2Fwp%2Fv2%2Fcategories&post=150986"},{"taxonomy":"post_tag","embeddable":true,"href":"https:\/\/archive.sana.sy\/tr\/index.php?rest_route=%2Fwp%2Fv2%2Ftags&post=150986"}],"curies":[{"name":"wp","href":"https:\/\/api.w.org\/{rel}","templated":true}]}}