{"id":150992,"date":"2018-06-02T13:43:27","date_gmt":"2018-06-02T10:43:27","guid":{"rendered":"https:\/\/www.sana.sy\/tr\/?p=150992"},"modified":"2018-06-02T13:43:27","modified_gmt":"2018-06-02T10:43:27","slug":"muallim-teror-saldirilari-sonucunda-yurtici-ya-da-yurtdisina-tehcir-edilen-suriyeliler-konusunda-suriye-devletinin-herkesten-daha-fazla-bu-vatandaslara-onem-verdigini-vurgularken-geri-donmek-isteyen","status":"publish","type":"post","link":"https:\/\/archive.sana.sy\/tr\/?p=150992","title":{"rendered":"Muallim ter\u00f6r sald\u0131r\u0131lar\u0131 sonucunda yurti\u00e7i ya da yurtd\u0131\u015f\u0131na tehcir edilen Suriyeliler konusunda Suriye devletinin herkesten daha fazla bu vatanda\u015flara \u00f6nem verdi\u011fini vurgularken, geri d\u00f6nmek isteyen Suriyelilere gerekli t\u00fcm destek, yard\u0131m ve kolayl\u0131\u011f\u0131n sa\u011flanaca\u011f\u0131n\u0131 belirtti."},"content":{"rendered":"<p>Muallim ter\u00f6r sald\u0131r\u0131lar\u0131 sonucunda yurti\u00e7i ya da yurtd\u0131\u015f\u0131na tehcir edilen Suriyeliler konusunda Suriye devletinin herkesten daha fazla bu vatanda\u015flara \u00f6nem verdi\u011fini vurgularken, geri d\u00f6nmek isteyen Suriyelilere gerekli t\u00fcm destek, yard\u0131m ve kolayl\u0131\u011f\u0131n sa\u011flanaca\u011f\u0131n\u0131 belirtti.<\/p>\n","protected":false},"excerpt":{"rendered":"<p>Muallim ter\u00f6r sald\u0131r\u0131lar\u0131 sonucunda yurti\u00e7i ya da yurtd\u0131\u015f\u0131na tehcir edilen Suriyeliler konusunda Suriye devletinin herkesten daha fazla bu vatanda\u015flara \u00f6nem verdi\u011fini vurgularken, geri d\u00f6nmek isteyen Suriyelilere gerekli t\u00fcm destek, yard\u0131m ve kolayl\u0131\u011f\u0131n sa\u011flanaca\u011f\u0131n\u0131 belirtti.<\/p>\n","protected":false},"author":1,"featured_media":0,"comment_status":"closed","ping_status":"closed","sticky":false,"template":"","format":"standard","meta":{"footnotes":""},"categories":[17991],"tags":[],"class_list":["post-150992","post","type-post","status-publish","format-standard","","category-son-dakika"],"_links":{"self":[{"href":"https:\/\/archive.sana.sy\/tr\/index.php?rest_route=\/wp\/v2\/posts\/150992","targetHints":{"allow":["GET"]}}],"collection":[{"href":"https:\/\/archive.sana.sy\/tr\/index.php?rest_route=\/wp\/v2\/posts"}],"about":[{"href":"https:\/\/archive.sana.sy\/tr\/index.php?rest_route=\/wp\/v2\/types\/post"}],"author":[{"embeddable":true,"href":"https:\/\/archive.sana.sy\/tr\/index.php?rest_route=\/wp\/v2\/users\/1"}],"replies":[{"embeddable":true,"href":"https:\/\/archive.sana.sy\/tr\/index.php?rest_route=%2Fwp%2Fv2%2Fcomments&post=150992"}],"version-history":[{"count":0,"href":"https:\/\/archive.sana.sy\/tr\/index.php?rest_route=\/wp\/v2\/posts\/150992\/revisions"}],"wp:attachment":[{"href":"https:\/\/archive.sana.sy\/tr\/index.php?rest_route=%2Fwp%2Fv2%2Fmedia&parent=150992"}],"wp:term":[{"taxonomy":"category","embeddable":true,"href":"https:\/\/archive.sana.sy\/tr\/index.php?rest_route=%2Fwp%2Fv2%2Fcategories&post=150992"},{"taxonomy":"post_tag","embeddable":true,"href":"https:\/\/archive.sana.sy\/tr\/index.php?rest_route=%2Fwp%2Fv2%2Ftags&post=150992"}],"curies":[{"name":"wp","href":"https:\/\/api.w.org\/{rel}","templated":true}]}}