{"id":150996,"date":"2018-06-02T13:45:42","date_gmt":"2018-06-02T10:45:42","guid":{"rendered":"https:\/\/www.sana.sy\/tr\/?p=150996"},"modified":"2018-06-02T13:45:42","modified_gmt":"2018-06-02T10:45:42","slug":"suriyede-mevcut-olan-ve-2012-yilinda-referandum-ile-halk-tarafindan-kararlastirilan-anayasanin-bolgede-mevcut-en-iyi-anayasa-oldugunu-belirten-muallim-komitenin-gorevinin-mevcut-anayasayi-tartismak","status":"publish","type":"post","link":"https:\/\/archive.sana.sy\/tr\/?p=150996","title":{"rendered":"Suriye&#8217;de mevcut olan ve 2012 y\u0131l\u0131nda referandum ile halk taraf\u0131ndan kararla\u015ft\u0131r\u0131lan anayasan\u0131n b\u00f6lgede mevcut en iyi anayasa oldu\u011funu belirten Muallim; komitenin g\u00f6revinin mevcut anayasay\u0131 tart\u0131\u015fmak oldu\u011funu, bunun da So\u00e7i Konferans\u0131nda kararla\u015ft\u0131r\u0131ld\u0131\u011f\u0131n\u0131 s\u00f6yledi."},"content":{"rendered":"<p>Suriye&#8217;de mevcut olan ve 2012 y\u0131l\u0131nda referandum ile halk taraf\u0131ndan kararla\u015ft\u0131r\u0131lan anayasan\u0131n b\u00f6lgede mevcut en iyi anayasa oldu\u011funu belirten Muallim; komitenin g\u00f6revinin mevcut anayasay\u0131 tart\u0131\u015fmak oldu\u011funu, bunun da So\u00e7i Konferans\u0131nda kararla\u015ft\u0131r\u0131ld\u0131\u011f\u0131n\u0131 s\u00f6yledi.<\/p>\n","protected":false},"excerpt":{"rendered":"<p>Suriye&#8217;de mevcut olan ve 2012 y\u0131l\u0131nda referandum ile halk taraf\u0131ndan kararla\u015ft\u0131r\u0131lan anayasan\u0131n b\u00f6lgede mevcut en iyi anayasa oldu\u011funu belirten Muallim; komitenin g\u00f6revinin mevcut anayasay\u0131 tart\u0131\u015fmak oldu\u011funu, bunun da So\u00e7i Konferans\u0131nda kararla\u015ft\u0131r\u0131ld\u0131\u011f\u0131n\u0131 s\u00f6yledi.<\/p>\n","protected":false},"author":1,"featured_media":0,"comment_status":"closed","ping_status":"closed","sticky":false,"template":"","format":"standard","meta":{"footnotes":""},"categories":[17991],"tags":[],"class_list":["post-150996","post","type-post","status-publish","format-standard","","category-son-dakika"],"_links":{"self":[{"href":"https:\/\/archive.sana.sy\/tr\/index.php?rest_route=\/wp\/v2\/posts\/150996","targetHints":{"allow":["GET"]}}],"collection":[{"href":"https:\/\/archive.sana.sy\/tr\/index.php?rest_route=\/wp\/v2\/posts"}],"about":[{"href":"https:\/\/archive.sana.sy\/tr\/index.php?rest_route=\/wp\/v2\/types\/post"}],"author":[{"embeddable":true,"href":"https:\/\/archive.sana.sy\/tr\/index.php?rest_route=\/wp\/v2\/users\/1"}],"replies":[{"embeddable":true,"href":"https:\/\/archive.sana.sy\/tr\/index.php?rest_route=%2Fwp%2Fv2%2Fcomments&post=150996"}],"version-history":[{"count":0,"href":"https:\/\/archive.sana.sy\/tr\/index.php?rest_route=\/wp\/v2\/posts\/150996\/revisions"}],"wp:attachment":[{"href":"https:\/\/archive.sana.sy\/tr\/index.php?rest_route=%2Fwp%2Fv2%2Fmedia&parent=150996"}],"wp:term":[{"taxonomy":"category","embeddable":true,"href":"https:\/\/archive.sana.sy\/tr\/index.php?rest_route=%2Fwp%2Fv2%2Fcategories&post=150996"},{"taxonomy":"post_tag","embeddable":true,"href":"https:\/\/archive.sana.sy\/tr\/index.php?rest_route=%2Fwp%2Fv2%2Ftags&post=150996"}],"curies":[{"name":"wp","href":"https:\/\/api.w.org\/{rel}","templated":true}]}}