{"id":151000,"date":"2018-06-02T13:53:54","date_gmt":"2018-06-02T10:53:54","guid":{"rendered":"https:\/\/www.sana.sy\/tr\/?p=151000"},"modified":"2018-06-02T13:53:54","modified_gmt":"2018-06-02T10:53:54","slug":"suriyenin-topraklarina-giren-turkiye-guclerini-isgalci-gucler-olarak-gordugunu-vurgulayan-muallim-turk-guclerinin-suriyedeki-varliginin-uluslar-arasi-kanunlar-ve-kararlara-aykiri-oldugunun-bir-ke","status":"publish","type":"post","link":"https:\/\/archive.sana.sy\/tr\/?p=151000","title":{"rendered":"Suriye&#8217;nin topraklar\u0131na giren T\u00fcrkiye g\u00fc\u00e7lerini i\u015fgalci g\u00fc\u00e7ler olarak g\u00f6rd\u00fc\u011f\u00fcn\u00fc vurgulayan Muallim; T\u00fcrk g\u00fc\u00e7lerinin Suriye&#8217;deki varl\u0131\u011f\u0131n\u0131n uluslar aras\u0131 kanunlar ve kararlara ayk\u0131r\u0131 oldu\u011funun bir kez daha alt\u0131n\u0131 \u00e7izdi."},"content":{"rendered":"<p>Suriye&#8217;nin topraklar\u0131na giren T\u00fcrkiye g\u00fc\u00e7lerini i\u015fgalci g\u00fc\u00e7ler olarak g\u00f6rd\u00fc\u011f\u00fcn\u00fc vurgulayan Muallim; T\u00fcrk g\u00fc\u00e7lerinin Suriye&#8217;deki varl\u0131\u011f\u0131n\u0131n uluslar aras\u0131 kanunlar ve kararlara ayk\u0131r\u0131 oldu\u011funun bir kez daha alt\u0131n\u0131 \u00e7izdi.<\/p>\n","protected":false},"excerpt":{"rendered":"<p>Suriye&#8217;nin topraklar\u0131na giren T\u00fcrkiye g\u00fc\u00e7lerini i\u015fgalci g\u00fc\u00e7ler olarak g\u00f6rd\u00fc\u011f\u00fcn\u00fc vurgulayan Muallim; T\u00fcrk g\u00fc\u00e7lerinin Suriye&#8217;deki varl\u0131\u011f\u0131n\u0131n uluslar aras\u0131 kanunlar ve kararlara ayk\u0131r\u0131 oldu\u011funun bir kez daha alt\u0131n\u0131 \u00e7izdi.<\/p>\n","protected":false},"author":1,"featured_media":0,"comment_status":"closed","ping_status":"closed","sticky":false,"template":"","format":"standard","meta":{"footnotes":""},"categories":[17991],"tags":[],"class_list":["post-151000","post","type-post","status-publish","format-standard","","category-son-dakika"],"_links":{"self":[{"href":"https:\/\/archive.sana.sy\/tr\/index.php?rest_route=\/wp\/v2\/posts\/151000","targetHints":{"allow":["GET"]}}],"collection":[{"href":"https:\/\/archive.sana.sy\/tr\/index.php?rest_route=\/wp\/v2\/posts"}],"about":[{"href":"https:\/\/archive.sana.sy\/tr\/index.php?rest_route=\/wp\/v2\/types\/post"}],"author":[{"embeddable":true,"href":"https:\/\/archive.sana.sy\/tr\/index.php?rest_route=\/wp\/v2\/users\/1"}],"replies":[{"embeddable":true,"href":"https:\/\/archive.sana.sy\/tr\/index.php?rest_route=%2Fwp%2Fv2%2Fcomments&post=151000"}],"version-history":[{"count":0,"href":"https:\/\/archive.sana.sy\/tr\/index.php?rest_route=\/wp\/v2\/posts\/151000\/revisions"}],"wp:attachment":[{"href":"https:\/\/archive.sana.sy\/tr\/index.php?rest_route=%2Fwp%2Fv2%2Fmedia&parent=151000"}],"wp:term":[{"taxonomy":"category","embeddable":true,"href":"https:\/\/archive.sana.sy\/tr\/index.php?rest_route=%2Fwp%2Fv2%2Fcategories&post=151000"},{"taxonomy":"post_tag","embeddable":true,"href":"https:\/\/archive.sana.sy\/tr\/index.php?rest_route=%2Fwp%2Fv2%2Ftags&post=151000"}],"curies":[{"name":"wp","href":"https:\/\/api.w.org\/{rel}","templated":true}]}}