{"id":151002,"date":"2018-06-02T13:49:55","date_gmt":"2018-06-02T10:49:55","guid":{"rendered":"https:\/\/www.sana.sy\/tr\/?p=151002"},"modified":"2018-06-02T13:49:55","modified_gmt":"2018-06-02T10:49:55","slug":"suriyenin-guneyinde-uzlasma-konusunda-cikan-haberler-konusunda-ise-muallim-abd-guclerinin-tenf-bolgesinden-cekilmeleri-oncesinde-bu-konuda-cikan-haberlere-inanmama-cagrisinda-bulundu","status":"publish","type":"post","link":"https:\/\/archive.sana.sy\/tr\/?p=151002","title":{"rendered":"Suriye&#8217;nin g\u00fcneyinde uzla\u015fma konusunda \u00e7\u0131kan haberler konusunda ise Muallim; ABD g\u00fc\u00e7lerinin Tenf B\u00f6lgesinden \u00e7ekilmeleri \u00f6ncesinde bu konuda \u00e7\u0131kan haberlere inanmama \u00e7a\u011fr\u0131s\u0131nda bulundu."},"content":{"rendered":"<p>Suriye&#8217;nin g\u00fcneyinde uzla\u015fma konusunda \u00e7\u0131kan haberler konusunda ise Muallim; ABD g\u00fc\u00e7lerinin Tenf B\u00f6lgesinden \u00e7ekilmeleri \u00f6ncesinde bu konuda \u00e7\u0131kan haberlere inanmama \u00e7a\u011fr\u0131s\u0131nda bulundu.<\/p>\n","protected":false},"excerpt":{"rendered":"<p>Suriye&#8217;nin g\u00fcneyinde uzla\u015fma konusunda \u00e7\u0131kan haberler konusunda ise Muallim; ABD g\u00fc\u00e7lerinin Tenf B\u00f6lgesinden \u00e7ekilmeleri \u00f6ncesinde bu konuda \u00e7\u0131kan haberlere inanmama \u00e7a\u011fr\u0131s\u0131nda bulundu.<\/p>\n","protected":false},"author":1,"featured_media":0,"comment_status":"closed","ping_status":"closed","sticky":false,"template":"","format":"standard","meta":{"footnotes":""},"categories":[17991],"tags":[],"class_list":["post-151002","post","type-post","status-publish","format-standard","","category-son-dakika"],"_links":{"self":[{"href":"https:\/\/archive.sana.sy\/tr\/index.php?rest_route=\/wp\/v2\/posts\/151002","targetHints":{"allow":["GET"]}}],"collection":[{"href":"https:\/\/archive.sana.sy\/tr\/index.php?rest_route=\/wp\/v2\/posts"}],"about":[{"href":"https:\/\/archive.sana.sy\/tr\/index.php?rest_route=\/wp\/v2\/types\/post"}],"author":[{"embeddable":true,"href":"https:\/\/archive.sana.sy\/tr\/index.php?rest_route=\/wp\/v2\/users\/1"}],"replies":[{"embeddable":true,"href":"https:\/\/archive.sana.sy\/tr\/index.php?rest_route=%2Fwp%2Fv2%2Fcomments&post=151002"}],"version-history":[{"count":0,"href":"https:\/\/archive.sana.sy\/tr\/index.php?rest_route=\/wp\/v2\/posts\/151002\/revisions"}],"wp:attachment":[{"href":"https:\/\/archive.sana.sy\/tr\/index.php?rest_route=%2Fwp%2Fv2%2Fmedia&parent=151002"}],"wp:term":[{"taxonomy":"category","embeddable":true,"href":"https:\/\/archive.sana.sy\/tr\/index.php?rest_route=%2Fwp%2Fv2%2Fcategories&post=151002"},{"taxonomy":"post_tag","embeddable":true,"href":"https:\/\/archive.sana.sy\/tr\/index.php?rest_route=%2Fwp%2Fv2%2Ftags&post=151002"}],"curies":[{"name":"wp","href":"https:\/\/api.w.org\/{rel}","templated":true}]}}