{"id":151004,"date":"2018-06-02T13:51:57","date_gmt":"2018-06-02T10:51:57","guid":{"rendered":"https:\/\/www.sana.sy\/tr\/?p=151004"},"modified":"2018-06-02T13:51:57","modified_gmt":"2018-06-02T10:51:57","slug":"muallim-israilin-nusra-cephesi-ve-diger-teror-orgutlere-muhtelif-tur-destegi-ile-1974-yilinda-imzalanan-gucleri-ayirma-anlasmasini-ihlal-ettigine-dikkat-cekerken-israilin-terore-destegi-ile-kendi","status":"publish","type":"post","link":"https:\/\/archive.sana.sy\/tr\/?p=151004","title":{"rendered":"Muallim \u0130srail&#8217;in Nusra Cephesi ve di\u011fer ter\u00f6r \u00f6rg\u00fctlere muhtelif t\u00fcr deste\u011fi ile 1974 y\u0131l\u0131nda imzalanan g\u00fc\u00e7leri ay\u0131rma anla\u015fmas\u0131n\u0131 ihlal etti\u011fine dikkat \u00e7ekerken, \u0130srail&#8217;in ter\u00f6re deste\u011fi ile kendine g\u00fcvenlik \u00e7emberi dayatmaya \u00e7al\u0131\u015ft\u0131\u011f\u0131n\u0131 s\u00f6yledi."},"content":{"rendered":"<p>Muallim \u0130srail&#8217;in Nusra Cephesi ve di\u011fer ter\u00f6r \u00f6rg\u00fctlere muhtelif t\u00fcr deste\u011fi ile 1974 y\u0131l\u0131nda imzalanan g\u00fc\u00e7leri ay\u0131rma anla\u015fmas\u0131n\u0131 ihlal etti\u011fine dikkat \u00e7ekerken, \u0130srail&#8217;in ter\u00f6re deste\u011fi ile kendine g\u00fcvenlik \u00e7emberi dayatmaya \u00e7al\u0131\u015ft\u0131\u011f\u0131n\u0131 s\u00f6yledi.<\/p>\n","protected":false},"excerpt":{"rendered":"<p>Muallim \u0130srail&#8217;in Nusra Cephesi ve di\u011fer ter\u00f6r \u00f6rg\u00fctlere muhtelif t\u00fcr deste\u011fi ile 1974 y\u0131l\u0131nda imzalanan g\u00fc\u00e7leri ay\u0131rma anla\u015fmas\u0131n\u0131 ihlal etti\u011fine dikkat \u00e7ekerken, \u0130srail&#8217;in ter\u00f6re deste\u011fi ile kendine g\u00fcvenlik \u00e7emberi dayatmaya \u00e7al\u0131\u015ft\u0131\u011f\u0131n\u0131 s\u00f6yledi.<\/p>\n","protected":false},"author":1,"featured_media":0,"comment_status":"closed","ping_status":"closed","sticky":false,"template":"","format":"standard","meta":{"footnotes":""},"categories":[17991],"tags":[],"class_list":["post-151004","post","type-post","status-publish","format-standard","","category-son-dakika"],"_links":{"self":[{"href":"https:\/\/archive.sana.sy\/tr\/index.php?rest_route=\/wp\/v2\/posts\/151004","targetHints":{"allow":["GET"]}}],"collection":[{"href":"https:\/\/archive.sana.sy\/tr\/index.php?rest_route=\/wp\/v2\/posts"}],"about":[{"href":"https:\/\/archive.sana.sy\/tr\/index.php?rest_route=\/wp\/v2\/types\/post"}],"author":[{"embeddable":true,"href":"https:\/\/archive.sana.sy\/tr\/index.php?rest_route=\/wp\/v2\/users\/1"}],"replies":[{"embeddable":true,"href":"https:\/\/archive.sana.sy\/tr\/index.php?rest_route=%2Fwp%2Fv2%2Fcomments&post=151004"}],"version-history":[{"count":0,"href":"https:\/\/archive.sana.sy\/tr\/index.php?rest_route=\/wp\/v2\/posts\/151004\/revisions"}],"wp:attachment":[{"href":"https:\/\/archive.sana.sy\/tr\/index.php?rest_route=%2Fwp%2Fv2%2Fmedia&parent=151004"}],"wp:term":[{"taxonomy":"category","embeddable":true,"href":"https:\/\/archive.sana.sy\/tr\/index.php?rest_route=%2Fwp%2Fv2%2Fcategories&post=151004"},{"taxonomy":"post_tag","embeddable":true,"href":"https:\/\/archive.sana.sy\/tr\/index.php?rest_route=%2Fwp%2Fv2%2Ftags&post=151004"}],"curies":[{"name":"wp","href":"https:\/\/api.w.org\/{rel}","templated":true}]}}