{"id":151008,"date":"2018-06-02T19:00:34","date_gmt":"2018-06-02T16:00:34","guid":{"rendered":"https:\/\/www.sana.sy\/tr\/?p=151008"},"modified":"2018-06-03T13:37:41","modified_gmt":"2018-06-03T10:37:41","slug":"turkiye-ya-da-abdnin-suriyenin-hicbir-bolgesi-icin-muzakerelerde-bulunma-haklari-yoktur","status":"publish","type":"post","link":"https:\/\/archive.sana.sy\/tr\/?p=151008","title":{"rendered":"T\u00fcrkiye ya da ABD\u2019nin Suriye&#8217;nin Hi\u00e7bir B\u00f6lgesi \u0130\u00e7in M\u00fczakerelerde Bulunma Haklar\u0131 Yoktur"},"content":{"rendered":"<p>\u015eAM \u2013 Ba\u015fbakan Yard\u0131mc\u0131s\u0131 D\u0131\u015fi\u015fleri ve Gurbet\u00e7iler Bakan\u0131 Velid Muallim; Suriye&#8217;de mevcut anayasay\u0131 tart\u0131\u015facak komitede h\u00fck\u00fcmetin destekledi\u011fi adaylar\u0131n listesini b\u00fcy\u00fckel\u00e7ilikler arac\u0131l\u0131\u011f\u0131 ile Rusya ve \u0130ran h\u00fck\u00fcmetlerine teslim etmenin, bu iki \u00fclkenin Astana s\u00fcrecinde garant\u00f6r \u00fclkeler olmalar\u0131 bab\u0131nda geldi\u011fini belirtti.<\/p>\n<p><a href=\"https:\/\/www.sana.sy\/tr\/wp-content\/uploads\/2018\/06\/AMR_1529.jpg\"><img loading=\"lazy\" decoding=\"async\" class=\"alignright wp-image-151028 size-medium\" src=\"https:\/\/www.sana.sy\/tr\/wp-content\/uploads\/2018\/06\/AMR_1529-300x208.jpg\" alt=\"\" width=\"300\" height=\"208\" srcset=\"https:\/\/archive.sana.sy\/tr\/wp-content\/uploads\/2018\/06\/AMR_1529-300x208.jpg 300w, https:\/\/archive.sana.sy\/tr\/wp-content\/uploads\/2018\/06\/AMR_1529-150x104.jpg 150w, https:\/\/archive.sana.sy\/tr\/wp-content\/uploads\/2018\/06\/AMR_1529-768x532.jpg 768w, https:\/\/archive.sana.sy\/tr\/wp-content\/uploads\/2018\/06\/AMR_1529-1024x709.jpg 1024w, https:\/\/archive.sana.sy\/tr\/wp-content\/uploads\/2018\/06\/AMR_1529-110x75.jpg 110w, https:\/\/archive.sana.sy\/tr\/wp-content\/uploads\/2018\/06\/AMR_1529.jpg 1200w\" sizes=\"auto, (max-width: 300px) 100vw, 300px\" \/><\/a>Ba\u015fkent \u015eam\u2019da bug\u00fcn bas\u0131n toplant\u0131s\u0131 d\u00fczenleyen Muallim; Suriye devletinin anayasay\u0131 tart\u0131\u015facak komitede yer almalar\u0131 i\u00e7in 50 \u00fcyenin ad\u0131n\u0131 g\u00f6nderdi\u011fini ifade etti. Komite \u00fcye say\u0131s\u0131n\u0131n belirlenmesi halinde Suriye devletine tabi \u00fcye say\u0131s\u0131n\u0131n \u00e7o\u011funluk olaca\u011f\u0131na dikkat \u00e7eken Muallim; komitede karar alma mekanizmas\u0131n\u0131n ise toplu oy ile olaca\u011f\u0131n\u0131 a\u00e7\u0131klad\u0131.<\/p>\n<p>Suriye&#8217;de mevcut olan ve 2012 y\u0131l\u0131nda referandum ile halk taraf\u0131ndan kararla\u015ft\u0131r\u0131lan anayasan\u0131n b\u00f6lgede mevcut en iyi anayasa oldu\u011funu belirten Muallim; komitenin g\u00f6revinin mevcut anayasay\u0131 tart\u0131\u015fmak oldu\u011funu kaydetti. Muallim, bunun da So\u00e7i Konferans\u0131nda kararla\u015ft\u0131r\u0131ld\u0131\u011f\u0131n\u0131 s\u00f6yledi.<\/p>\n<p>Muallim; BM Suriye \u00f6zel temsilcisi Staffan de Mistura\u2019n\u0131n misyonunun sadece ve sadece komitenin anayasay\u0131 tart\u0131\u015fma icraatlar\u0131n\u0131 kolayla\u015ft\u0131rmak olup bundan \u00f6teye gitmeyece\u011fini vurgulad\u0131.<\/p>\n<p><img loading=\"lazy\" decoding=\"async\" class=\"alignright wp-image-151030 size-medium\" src=\"https:\/\/www.sana.sy\/tr\/wp-content\/uploads\/2018\/06\/AMR_1552-300x200.jpg\" alt=\"\" width=\"300\" height=\"200\" srcset=\"https:\/\/archive.sana.sy\/tr\/wp-content\/uploads\/2018\/06\/AMR_1552-300x200.jpg 300w, https:\/\/archive.sana.sy\/tr\/wp-content\/uploads\/2018\/06\/AMR_1552-150x100.jpg 150w, https:\/\/archive.sana.sy\/tr\/wp-content\/uploads\/2018\/06\/AMR_1552-768x511.jpg 768w, https:\/\/archive.sana.sy\/tr\/wp-content\/uploads\/2018\/06\/AMR_1552-1024x681.jpg 1024w, https:\/\/archive.sana.sy\/tr\/wp-content\/uploads\/2018\/06\/AMR_1552.jpg 1200w\" sizes=\"auto, (max-width: 300px) 100vw, 300px\" \/><\/p>\n<p>\u0130ran\u2019\u0131n krizin ba\u015f\u0131ndan beri Suriye&#8217;nin yan\u0131nda oldu\u011funu ve gerekli deste\u011fi temin etti\u011fini ifade eden Muallim; Suriye&#8217;nin yard\u0131m ve deste\u011finden dolay\u0131 \u0130ran h\u00fck\u00fcmeti ve halk\u0131na \u015f\u00fckranlar\u0131n\u0131 kaydetti. Muallim \u0130ran\u2019\u0131n, uluslar aras\u0131 ve b\u00f6lgesel destek ve finans alan ter\u00f6re kar\u015f\u0131 sava\u015f\u0131nda Suriye&#8217;ye yard\u0131m etti\u011fini ifade ederken, fakat Suriye topraklar\u0131 \u00fczerinde \u0130ranl\u0131 askerlerin bulunmad\u0131\u011f\u0131n\u0131, sadece Suriye ordusu ile birlikte \u00e7al\u0131\u015fan \u0130ranl\u0131 m\u00fcste\u015farlar\u0131n bulundu\u011funu vurgulad\u0131.<\/p>\n<p>\u0130ran\u2019\u0131n Suriye&#8217;deki varl\u0131\u011f\u0131n\u0131n Suriye h\u00fck\u00fcmetinin resmi talebi ve onay\u0131 ile olmas\u0131yla tamamen kanuni ve me\u015fru oldu\u011funu ifade eden Muallim; ABD, Fransa ve T\u00fcrkiye\u2019nin ise tam tersine gayr\u0131 me\u015fru olup kanunlara ayk\u0131r\u0131 bir \u015fekilde Suriye&#8217;ye girdiklerini kaydetti.<\/p>\n<p>ABD g\u00fc\u00e7lerinin Suriye&#8217;deki varl\u0131\u011f\u0131n\u0131n a\u00e7\u0131k ve net bir \u015fekilde uluslar aras\u0131 kanun ve kararlara ihlal te\u015fkil etti\u011fini belirten Muallim; bu g\u00fc\u00e7lerin Tenf veya Suriye&#8217;de bulunduklar\u0131 her kar\u0131\u015f topraktan \u00e7ekilmeleri gerekti\u011finin alt\u0131n\u0131 \u00e7izdi.<\/p>\n<p><img loading=\"lazy\" decoding=\"async\" class=\"alignright wp-image-151029 size-medium\" src=\"https:\/\/www.sana.sy\/tr\/wp-content\/uploads\/2018\/06\/AMR_1530-300x200.jpg\" alt=\"\" width=\"300\" height=\"200\" srcset=\"https:\/\/archive.sana.sy\/tr\/wp-content\/uploads\/2018\/06\/AMR_1530-300x200.jpg 300w, https:\/\/archive.sana.sy\/tr\/wp-content\/uploads\/2018\/06\/AMR_1530-150x100.jpg 150w, https:\/\/archive.sana.sy\/tr\/wp-content\/uploads\/2018\/06\/AMR_1530-768x511.jpg 768w, https:\/\/archive.sana.sy\/tr\/wp-content\/uploads\/2018\/06\/AMR_1530-1024x682.jpg 1024w, https:\/\/archive.sana.sy\/tr\/wp-content\/uploads\/2018\/06\/AMR_1530.jpg 1200w\" sizes=\"auto, (max-width: 300px) 100vw, 300px\" \/><\/p>\n<p>Muallim Suriye&#8217;nin egemen ve ba\u011f\u0131ms\u0131z bir devlet oldu\u011funu, dolay\u0131s\u0131yla ter\u00f6re kar\u015f\u0131 sava\u015f\u0131nda istedi\u011fi ve uygun g\u00f6rd\u00fc\u011f\u00fc herkesle sava\u015fma hakk\u0131na sahip oldu\u011funun alt\u0131n\u0131 \u00e7izdi.<\/p>\n<p>M\u00fclkiyet kanunu konusundaki yeni d\u00fczenlemeler konusunda ise Muallim; ter\u00f6r \u00f6rg\u00fctlerin bulunduklar\u0131 b\u00f6lgelerde t\u00fcm tapu ve emlak sicillerini yak\u0131p \u00f6zel m\u00fclklere ili\u015fkin sahte belgeler d\u00fczenlemeleriyle bu d\u00fczenlemelerin ka\u00e7\u0131n\u0131lmaz hale geldi\u011fine dikkat \u00e7ekti.<\/p>\n<p>Muallim ter\u00f6r sald\u0131r\u0131lar\u0131 sonucunda yurti\u00e7i ya da yurtd\u0131\u015f\u0131na tehcir edilen Suriyeliler konusunda Suriye devletinin herkesten daha fazla bu vatanda\u015flara \u00f6nem verdi\u011fini vurgularken, geri d\u00f6nmek isteyen Suriyelilere gerekli t\u00fcm destek, yard\u0131m ve kolayl\u0131\u011f\u0131n sa\u011flanaca\u011f\u0131n\u0131 belirtti.<\/p>\n<p>Suriye&#8217;nin g\u00fcneyinde uzla\u015fma konusunda \u00e7\u0131kan haberler konusunda ise Muallim; ABD g\u00fc\u00e7lerinin Tenf B\u00f6lgesinden \u00e7ekilmeleri \u00f6ncesinde bu konuda \u00e7\u0131kan haberlere inanmama \u00e7a\u011fr\u0131s\u0131nda bulundu.<\/p>\n<p>Muallim \u0130srail&#8217;in Nusra Cephesi ve di\u011fer ter\u00f6r \u00f6rg\u00fctlere muhtelif t\u00fcr deste\u011fi ile 1974 y\u0131l\u0131nda imzalanan g\u00fc\u00e7leri ay\u0131rma anla\u015fmas\u0131n\u0131 ihlal etti\u011fine dikkat \u00e7ekerken, \u0130srail&#8217;in ter\u00f6re deste\u011fi ile kendine g\u00fcvenlik \u00e7emberi dayatmaya \u00e7al\u0131\u015ft\u0131\u011f\u0131n\u0131 s\u00f6yledi.<\/p>\n<p><a href=\"https:\/\/www.sana.sy\/tr\/wp-content\/uploads\/2018\/06\/AMR_1626.jpg\"><img loading=\"lazy\" decoding=\"async\" class=\"alignright wp-image-151032 size-medium\" src=\"https:\/\/www.sana.sy\/tr\/wp-content\/uploads\/2018\/06\/AMR_1626-300x200.jpg\" alt=\"\" width=\"300\" height=\"200\" srcset=\"https:\/\/archive.sana.sy\/tr\/wp-content\/uploads\/2018\/06\/AMR_1626-300x200.jpg 300w, https:\/\/archive.sana.sy\/tr\/wp-content\/uploads\/2018\/06\/AMR_1626-150x100.jpg 150w, https:\/\/archive.sana.sy\/tr\/wp-content\/uploads\/2018\/06\/AMR_1626-768x511.jpg 768w, https:\/\/archive.sana.sy\/tr\/wp-content\/uploads\/2018\/06\/AMR_1626-1024x681.jpg 1024w, https:\/\/archive.sana.sy\/tr\/wp-content\/uploads\/2018\/06\/AMR_1626.jpg 1200w\" sizes=\"auto, (max-width: 300px) 100vw, 300px\" \/><\/a>Suriye&#8217;nin topraklar\u0131na giren T\u00fcrkiye g\u00fc\u00e7lerini i\u015fgalci g\u00fc\u00e7ler olarak g\u00f6rd\u00fc\u011f\u00fcn\u00fc vurgulayan Muallim; T\u00fcrk g\u00fc\u00e7lerinin Suriye&#8217;deki varl\u0131\u011f\u0131n\u0131n uluslar aras\u0131 kanunlar ve kararlara ayk\u0131r\u0131 oldu\u011funun bir kez daha alt\u0131n\u0131 \u00e7izdi. Muallim Suriye topraklar\u0131n\u0131 i\u015fgal eden ve ter\u00f6r\u00fc destekleyen T\u00fcrkiye ve ABD gibi devletlerin Suriye&#8217;nin herhangi bir b\u00f6lgesi konusunda m\u00fczakerelerde bulunma hakk\u0131 ya da yetkisine sahip olmad\u0131\u011f\u0131n\u0131, Suriye&#8217;nin istisnas\u0131z her kar\u0131\u015f topra\u011f\u0131n\u0131 i\u015fgal, ter\u00f6r ve destek\u00e7ilerinden kurtaraca\u011f\u0131n\u0131n alt\u0131n\u0131 \u00e7izdi.<\/p>\n<p>Muallim Rakka Kentinin t\u00fcm Suriyelilerin g\u00f6nl\u00fcnde yer ald\u0131\u011f\u0131n\u0131 ifade ederken, kentin halk\u0131na yabanc\u0131 t\u00fcm g\u00fc\u00e7lerden temizlenip yeninden onar\u0131laca\u011f\u0131n\u0131n alt\u0131n\u0131 \u00e7izdi.<\/p>\n<p>&nbsp;<\/p>\n","protected":false},"excerpt":{"rendered":"<p>\u015eAM \u2013 Ba\u015fbakan Yard\u0131mc\u0131s\u0131 D\u0131\u015fi\u015fleri ve Gurbet\u00e7iler Bakan\u0131 Velid Muallim; Suriye&#8217;de mevcut anayasay\u0131 tart\u0131\u015facak komitede h\u00fck\u00fcmetin destekledi\u011fi adaylar\u0131n listesini b\u00fcy\u00fckel\u00e7ilikler arac\u0131l\u0131\u011f\u0131 ile Rusya ve \u0130ran h\u00fck\u00fcmetlerine teslim etmenin, bu iki \u00fclkenin Astana s\u00fcrecinde garant\u00f6r \u00fclkeler olmalar\u0131 bab\u0131nda geldi\u011fini belirtti. Ba\u015fkent \u015eam\u2019da bug\u00fcn bas\u0131n toplant\u0131s\u0131 d\u00fczenleyen Muallim; Suriye devletinin anayasay\u0131 tart\u0131\u015facak komitede yer almalar\u0131 i\u00e7in 50 &hellip;<\/p>\n","protected":false},"author":1,"featured_media":151033,"comment_status":"closed","ping_status":"closed","sticky":false,"template":"","format":"standard","meta":{"footnotes":""},"categories":[479,17988,2554,2555,478],"tags":[29636,19199,27461,2755,16591,12240,34535,19550,22181,17051],"class_list":["post-151008","post","type-post","status-publish","format-standard","has-post-thumbnail","","category-haberler-yerel","category-son-haberler","category-suriye-ve-dunya","category-suriye-ve-turkiye","category-yerel","tag-abd-gucleri","tag-disisleri-bakani","tag-firat-kalkani","tag-sam","tag-suriye","tag-suriye-hukumeti","tag-suriye-operasyonu","tag-suriye-topraklari","tag-suriyeliler","tag-velid-muallim"],"_links":{"self":[{"href":"https:\/\/archive.sana.sy\/tr\/index.php?rest_route=\/wp\/v2\/posts\/151008","targetHints":{"allow":["GET"]}}],"collection":[{"href":"https:\/\/archive.sana.sy\/tr\/index.php?rest_route=\/wp\/v2\/posts"}],"about":[{"href":"https:\/\/archive.sana.sy\/tr\/index.php?rest_route=\/wp\/v2\/types\/post"}],"author":[{"embeddable":true,"href":"https:\/\/archive.sana.sy\/tr\/index.php?rest_route=\/wp\/v2\/users\/1"}],"replies":[{"embeddable":true,"href":"https:\/\/archive.sana.sy\/tr\/index.php?rest_route=%2Fwp%2Fv2%2Fcomments&post=151008"}],"version-history":[{"count":0,"href":"https:\/\/archive.sana.sy\/tr\/index.php?rest_route=\/wp\/v2\/posts\/151008\/revisions"}],"wp:featuredmedia":[{"embeddable":true,"href":"https:\/\/archive.sana.sy\/tr\/index.php?rest_route=\/wp\/v2\/media\/151033"}],"wp:attachment":[{"href":"https:\/\/archive.sana.sy\/tr\/index.php?rest_route=%2Fwp%2Fv2%2Fmedia&parent=151008"}],"wp:term":[{"taxonomy":"category","embeddable":true,"href":"https:\/\/archive.sana.sy\/tr\/index.php?rest_route=%2Fwp%2Fv2%2Fcategories&post=151008"},{"taxonomy":"post_tag","embeddable":true,"href":"https:\/\/archive.sana.sy\/tr\/index.php?rest_route=%2Fwp%2Fv2%2Ftags&post=151008"}],"curies":[{"name":"wp","href":"https:\/\/api.w.org\/{rel}","templated":true}]}}