{"id":151010,"date":"2018-06-02T14:05:21","date_gmt":"2018-06-02T11:05:21","guid":{"rendered":"https:\/\/www.sana.sy\/tr\/?p=151010"},"modified":"2018-06-02T14:05:21","modified_gmt":"2018-06-02T11:05:21","slug":"muallim-rakka-kentinin-tum-suriyelilerin-gonlunde-yer-aldigini-ifade-ederken-kentin-halkina-yabanci-tum-guclerden-temizlenip-yeninden-onarilacaginin-altini-cizdi","status":"publish","type":"post","link":"https:\/\/archive.sana.sy\/tr\/?p=151010","title":{"rendered":"Muallim Rakka Kentinin t\u00fcm Suriyelilerin g\u00f6nl\u00fcnde yer ald\u0131\u011f\u0131n\u0131 ifade ederken, kentin halk\u0131na yabanc\u0131 t\u00fcm g\u00fc\u00e7lerden temizlenip yeninden onar\u0131laca\u011f\u0131n\u0131n alt\u0131n\u0131 \u00e7izdi."},"content":{"rendered":"<p>Muallim Rakka Kentinin t\u00fcm Suriyelilerin g\u00f6nl\u00fcnde yer ald\u0131\u011f\u0131n\u0131 ifade ederken, kentin halk\u0131na yabanc\u0131 t\u00fcm g\u00fc\u00e7lerden temizlenip yeninden onar\u0131laca\u011f\u0131n\u0131n alt\u0131n\u0131 \u00e7izdi.<\/p>\n","protected":false},"excerpt":{"rendered":"<p>Muallim Rakka Kentinin t\u00fcm Suriyelilerin g\u00f6nl\u00fcnde yer ald\u0131\u011f\u0131n\u0131 ifade ederken, kentin halk\u0131na yabanc\u0131 t\u00fcm g\u00fc\u00e7lerden temizlenip yeninden onar\u0131laca\u011f\u0131n\u0131n alt\u0131n\u0131 \u00e7izdi.<\/p>\n","protected":false},"author":1,"featured_media":0,"comment_status":"closed","ping_status":"closed","sticky":false,"template":"","format":"standard","meta":{"footnotes":""},"categories":[17991],"tags":[],"class_list":["post-151010","post","type-post","status-publish","format-standard","","category-son-dakika"],"_links":{"self":[{"href":"https:\/\/archive.sana.sy\/tr\/index.php?rest_route=\/wp\/v2\/posts\/151010","targetHints":{"allow":["GET"]}}],"collection":[{"href":"https:\/\/archive.sana.sy\/tr\/index.php?rest_route=\/wp\/v2\/posts"}],"about":[{"href":"https:\/\/archive.sana.sy\/tr\/index.php?rest_route=\/wp\/v2\/types\/post"}],"author":[{"embeddable":true,"href":"https:\/\/archive.sana.sy\/tr\/index.php?rest_route=\/wp\/v2\/users\/1"}],"replies":[{"embeddable":true,"href":"https:\/\/archive.sana.sy\/tr\/index.php?rest_route=%2Fwp%2Fv2%2Fcomments&post=151010"}],"version-history":[{"count":0,"href":"https:\/\/archive.sana.sy\/tr\/index.php?rest_route=\/wp\/v2\/posts\/151010\/revisions"}],"wp:attachment":[{"href":"https:\/\/archive.sana.sy\/tr\/index.php?rest_route=%2Fwp%2Fv2%2Fmedia&parent=151010"}],"wp:term":[{"taxonomy":"category","embeddable":true,"href":"https:\/\/archive.sana.sy\/tr\/index.php?rest_route=%2Fwp%2Fv2%2Fcategories&post=151010"},{"taxonomy":"post_tag","embeddable":true,"href":"https:\/\/archive.sana.sy\/tr\/index.php?rest_route=%2Fwp%2Fv2%2Ftags&post=151010"}],"curies":[{"name":"wp","href":"https:\/\/api.w.org\/{rel}","templated":true}]}}