{"id":151018,"date":"2018-06-02T14:13:35","date_gmt":"2018-06-02T11:13:35","guid":{"rendered":"https:\/\/www.sana.sy\/tr\/?p=151018"},"modified":"2018-06-03T14:57:32","modified_gmt":"2018-06-03T11:57:32","slug":"haseke-ve-kamislida-okullardaki-sinif-sayisi-arttirildi","status":"publish","type":"post","link":"https:\/\/archive.sana.sy\/tr\/?p=151018","title":{"rendered":"Haseke ve Kam\u0131\u015fl\u0131\u2019da Okullardaki S\u0131n\u0131f Say\u0131s\u0131 Artt\u0131r\u0131ld\u0131"},"content":{"rendered":"<p>HASEKE \u2013 Haseke \u0130l E\u011fitim M\u00fcd\u00fcrl\u00fc\u011f\u00fcnde bina dairesi Haseke ve Kam\u0131\u015fl\u0131 kentlerinde okullardaki s\u0131n\u0131f say\u0131s\u0131n\u0131 prefabrik s\u0131n\u0131flarla artt\u0131rmaya ba\u015flad\u0131.<\/p>\n<p>Daire M\u00fcd\u00fcr\u00fc Mervan Suvaylih her biri 5 metre geni\u015fli\u011finde 7 metre uzunlu\u011funda 71 prefabrik s\u0131n\u0131f odas\u0131n\u0131n ihtiya\u00e7 duyan 14 okula eklenece\u011fini a\u00e7\u0131klad\u0131. Suvaylih bunun okul s\u0131n\u0131flar\u0131ndaki \u00f6\u011frenci say\u0131s\u0131n\u0131n yo\u011funlu\u011funu azaltaca\u011f\u0131n\u0131, \u00e7ocuklar\u0131n daha rahat ve uygun bir \u015fekilde e\u011fitimlerini alacaklar\u0131n\u0131 kaydetti.<\/p>\n<div id='gallery-1' class='gallery galleryid-151018 gallery-columns-1 gallery-size-large'><figure class='gallery-item'>\n\t\t\t<div class='gallery-icon landscape'>\n\t\t\t\t<a href='https:\/\/archive.sana.sy\/tr\/wp-content\/uploads\/2018\/06\/1-13.jpg'><img loading=\"lazy\" decoding=\"async\" width=\"618\" height=\"435\" src=\"https:\/\/archive.sana.sy\/tr\/wp-content\/uploads\/2018\/06\/1-13-1024x720.jpg\" class=\"attachment-large size-large\" alt=\"\" srcset=\"https:\/\/archive.sana.sy\/tr\/wp-content\/uploads\/2018\/06\/1-13-1024x720.jpg 1024w, https:\/\/archive.sana.sy\/tr\/wp-content\/uploads\/2018\/06\/1-13-150x106.jpg 150w, https:\/\/archive.sana.sy\/tr\/wp-content\/uploads\/2018\/06\/1-13-300x211.jpg 300w, https:\/\/archive.sana.sy\/tr\/wp-content\/uploads\/2018\/06\/1-13-768x540.jpg 768w, https:\/\/archive.sana.sy\/tr\/wp-content\/uploads\/2018\/06\/1-13.jpg 1200w\" sizes=\"auto, (max-width: 618px) 100vw, 618px\" \/><\/a>\n\t\t\t<\/div><\/figure><figure class='gallery-item'>\n\t\t\t<div class='gallery-icon landscape'>\n\t\t\t\t<a href='https:\/\/archive.sana.sy\/tr\/wp-content\/uploads\/2018\/06\/2-7.jpg'><img loading=\"lazy\" decoding=\"async\" width=\"618\" height=\"409\" src=\"https:\/\/archive.sana.sy\/tr\/wp-content\/uploads\/2018\/06\/2-7-1024x678.jpg\" class=\"attachment-large size-large\" alt=\"\" srcset=\"https:\/\/archive.sana.sy\/tr\/wp-content\/uploads\/2018\/06\/2-7-1024x678.jpg 1024w, https:\/\/archive.sana.sy\/tr\/wp-content\/uploads\/2018\/06\/2-7-150x99.jpg 150w, https:\/\/archive.sana.sy\/tr\/wp-content\/uploads\/2018\/06\/2-7-300x199.jpg 300w, https:\/\/archive.sana.sy\/tr\/wp-content\/uploads\/2018\/06\/2-7-768x508.jpg 768w, https:\/\/archive.sana.sy\/tr\/wp-content\/uploads\/2018\/06\/2-7-310x205.jpg 310w, https:\/\/archive.sana.sy\/tr\/wp-content\/uploads\/2018\/06\/2-7.jpg 1200w\" sizes=\"auto, (max-width: 618px) 100vw, 618px\" \/><\/a>\n\t\t\t<\/div><\/figure><figure class='gallery-item'>\n\t\t\t<div class='gallery-icon landscape'>\n\t\t\t\t<a href='https:\/\/archive.sana.sy\/tr\/wp-content\/uploads\/2018\/06\/3-4.jpg'><img loading=\"lazy\" decoding=\"async\" width=\"618\" height=\"403\" src=\"https:\/\/archive.sana.sy\/tr\/wp-content\/uploads\/2018\/06\/3-4-1024x668.jpg\" class=\"attachment-large size-large\" alt=\"\" srcset=\"https:\/\/archive.sana.sy\/tr\/wp-content\/uploads\/2018\/06\/3-4-1024x668.jpg 1024w, https:\/\/archive.sana.sy\/tr\/wp-content\/uploads\/2018\/06\/3-4-150x98.jpg 150w, https:\/\/archive.sana.sy\/tr\/wp-content\/uploads\/2018\/06\/3-4-300x196.jpg 300w, https:\/\/archive.sana.sy\/tr\/wp-content\/uploads\/2018\/06\/3-4-768x501.jpg 768w, https:\/\/archive.sana.sy\/tr\/wp-content\/uploads\/2018\/06\/3-4.jpg 1200w\" sizes=\"auto, (max-width: 618px) 100vw, 618px\" \/><\/a>\n\t\t\t<\/div><\/figure><figure class='gallery-item'>\n\t\t\t<div class='gallery-icon landscape'>\n\t\t\t\t<a href='https:\/\/archive.sana.sy\/tr\/wp-content\/uploads\/2018\/06\/4-3.jpg'><img loading=\"lazy\" decoding=\"async\" width=\"618\" height=\"439\" src=\"https:\/\/archive.sana.sy\/tr\/wp-content\/uploads\/2018\/06\/4-3-1024x728.jpg\" class=\"attachment-large size-large\" alt=\"\" srcset=\"https:\/\/archive.sana.sy\/tr\/wp-content\/uploads\/2018\/06\/4-3-1024x728.jpg 1024w, https:\/\/archive.sana.sy\/tr\/wp-content\/uploads\/2018\/06\/4-3-150x107.jpg 150w, https:\/\/archive.sana.sy\/tr\/wp-content\/uploads\/2018\/06\/4-3-300x213.jpg 300w, https:\/\/archive.sana.sy\/tr\/wp-content\/uploads\/2018\/06\/4-3-768x546.jpg 768w, https:\/\/archive.sana.sy\/tr\/wp-content\/uploads\/2018\/06\/4-3.jpg 1200w\" sizes=\"auto, (max-width: 618px) 100vw, 618px\" \/><\/a>\n\t\t\t<\/div><\/figure>\n\t\t<\/div>\n\n","protected":false},"excerpt":{"rendered":"<p>HASEKE \u2013 Haseke \u0130l E\u011fitim M\u00fcd\u00fcrl\u00fc\u011f\u00fcnde bina dairesi Haseke ve Kam\u0131\u015fl\u0131 kentlerinde okullardaki s\u0131n\u0131f say\u0131s\u0131n\u0131 prefabrik s\u0131n\u0131flarla artt\u0131rmaya ba\u015flad\u0131. Daire M\u00fcd\u00fcr\u00fc Mervan Suvaylih her biri 5 metre geni\u015fli\u011finde 7 metre uzunlu\u011funda 71 prefabrik s\u0131n\u0131f odas\u0131n\u0131n ihtiya\u00e7 duyan 14 okula eklenece\u011fini a\u00e7\u0131klad\u0131. Suvaylih bunun okul s\u0131n\u0131flar\u0131ndaki \u00f6\u011frenci say\u0131s\u0131n\u0131n yo\u011funlu\u011funu azaltaca\u011f\u0131n\u0131, \u00e7ocuklar\u0131n daha rahat ve uygun bir &hellip;<\/p>\n","protected":false},"author":1,"featured_media":151020,"comment_status":"closed","ping_status":"closed","sticky":false,"template":"","format":"standard","meta":{"footnotes":""},"categories":[596,479,17988,478],"tags":[17415,1140,19954,30762,16591,29060,28210,22181],"class_list":["post-151018","post","type-post","status-publish","format-standard","has-post-thumbnail","","category-fotografli-raporlar","category-haberler-yerel","category-son-haberler","category-yerel","tag-egitim-mudurlugu","tag-haseke","tag-kamisli","tag-okul-binalari","tag-suriye","tag-suriye-cocuklari","tag-suriye-okullari","tag-suriyeliler"],"_links":{"self":[{"href":"https:\/\/archive.sana.sy\/tr\/index.php?rest_route=\/wp\/v2\/posts\/151018","targetHints":{"allow":["GET"]}}],"collection":[{"href":"https:\/\/archive.sana.sy\/tr\/index.php?rest_route=\/wp\/v2\/posts"}],"about":[{"href":"https:\/\/archive.sana.sy\/tr\/index.php?rest_route=\/wp\/v2\/types\/post"}],"author":[{"embeddable":true,"href":"https:\/\/archive.sana.sy\/tr\/index.php?rest_route=\/wp\/v2\/users\/1"}],"replies":[{"embeddable":true,"href":"https:\/\/archive.sana.sy\/tr\/index.php?rest_route=%2Fwp%2Fv2%2Fcomments&post=151018"}],"version-history":[{"count":0,"href":"https:\/\/archive.sana.sy\/tr\/index.php?rest_route=\/wp\/v2\/posts\/151018\/revisions"}],"wp:featuredmedia":[{"embeddable":true,"href":"https:\/\/archive.sana.sy\/tr\/index.php?rest_route=\/wp\/v2\/media\/151020"}],"wp:attachment":[{"href":"https:\/\/archive.sana.sy\/tr\/index.php?rest_route=%2Fwp%2Fv2%2Fmedia&parent=151018"}],"wp:term":[{"taxonomy":"category","embeddable":true,"href":"https:\/\/archive.sana.sy\/tr\/index.php?rest_route=%2Fwp%2Fv2%2Fcategories&post=151018"},{"taxonomy":"post_tag","embeddable":true,"href":"https:\/\/archive.sana.sy\/tr\/index.php?rest_route=%2Fwp%2Fv2%2Ftags&post=151018"}],"curies":[{"name":"wp","href":"https:\/\/api.w.org\/{rel}","templated":true}]}}