{"id":151043,"date":"2018-06-03T14:20:17","date_gmt":"2018-06-03T11:20:17","guid":{"rendered":"https:\/\/www.sana.sy\/tr\/?p=151043"},"modified":"2018-06-04T14:39:21","modified_gmt":"2018-06-04T11:39:21","slug":"abd-koalisyonu-yine-sivilleri-bombaladi-6","status":"publish","type":"post","link":"https:\/\/archive.sana.sy\/tr\/?p=151043","title":{"rendered":"ABD Koalisyonu Yine Sivilleri Bombalad\u0131"},"content":{"rendered":"<p>HASEKE \u2013 ABD komutas\u0131nda te\u015fkil edilen kanunsuz uluslar aras\u0131 koalisyon g\u00fc\u00e7leri \u2018I\u015e\u0130D\u2019e kar\u015f\u0131 sava\u015f\u2019 bahanesi alt\u0131nda sivilleri bombalamaya devam ediyor.<\/p>\n<p>Haseke k\u0131rsal\u0131n\u0131n g\u00fcneyi Tel \u015eayir B\u00f6lgesinde yerel kaynaklar SANA\u2019ya a\u00e7\u0131klamalar\u0131nda; koalisyon g\u00fc\u00e7lerine tabi sava\u015f u\u00e7aklar\u0131n gece saatlerinde \u015eeddadi Kentinin g\u00fcneydo\u011fusunda yer alan Hasan el Ali K\u00f6y\u00fcnde sivilleri bombalad\u0131klar\u0131n\u0131 belirtti. Kaynaklar sald\u0131r\u0131 sonucunda 90 ya\u015flar\u0131nda ya\u015fl\u0131 bir adam\u0131n e\u015fiyle birlikte \u015fehit d\u00fc\u015ft\u00fcklerini, ya\u015fl\u0131 adam\u0131n \u00e7ocu\u011fu ve gelinin de a\u011f\u0131r yaraland\u0131klar\u0131n\u0131 aktard\u0131.<\/p>\n<p>Koalisyon g\u00fc\u00e7leri d\u00fcn ise Diyb Haddac K\u00f6y\u00fcnde yine sivilleri bombalam\u0131\u015f, ayn\u0131 aileden bir\u00e7ok sivil vatanda\u015f \u015fehit ve yaral\u0131 d\u00fc\u015fm\u00fc\u015flerdi.<\/p>\n","protected":false},"excerpt":{"rendered":"<p>HASEKE \u2013 ABD komutas\u0131nda te\u015fkil edilen kanunsuz uluslar aras\u0131 koalisyon g\u00fc\u00e7leri \u2018I\u015e\u0130D\u2019e kar\u015f\u0131 sava\u015f\u2019 bahanesi alt\u0131nda sivilleri bombalamaya devam ediyor. Haseke k\u0131rsal\u0131n\u0131n g\u00fcneyi Tel \u015eayir B\u00f6lgesinde yerel kaynaklar SANA\u2019ya a\u00e7\u0131klamalar\u0131nda; koalisyon g\u00fc\u00e7lerine tabi sava\u015f u\u00e7aklar\u0131n gece saatlerinde \u015eeddadi Kentinin g\u00fcneydo\u011fusunda yer alan Hasan el Ali K\u00f6y\u00fcnde sivilleri bombalad\u0131klar\u0131n\u0131 belirtti. Kaynaklar sald\u0131r\u0131 sonucunda 90 ya\u015flar\u0131nda ya\u015fl\u0131 &hellip;<\/p>\n","protected":false},"author":1,"featured_media":151045,"comment_status":"closed","ping_status":"closed","sticky":false,"template":"","format":"standard","meta":{"footnotes":""},"categories":[479,575,17988,478],"tags":[1140,2318,22518,18631,24111,26165,16591,22181],"class_list":["post-151043","post","type-post","status-publish","format-standard","has-post-thumbnail","","category-haberler-yerel","category-olaylar-ve-gercekler","category-son-haberler","category-yerel","tag-haseke","tag-isid","tag-koalisyon-gucleri","tag-koalisyon-ucaklari","tag-sivilleri-bombaladi","tag-sivilleri-vurdu","tag-suriye","tag-suriyeliler"],"_links":{"self":[{"href":"https:\/\/archive.sana.sy\/tr\/index.php?rest_route=\/wp\/v2\/posts\/151043","targetHints":{"allow":["GET"]}}],"collection":[{"href":"https:\/\/archive.sana.sy\/tr\/index.php?rest_route=\/wp\/v2\/posts"}],"about":[{"href":"https:\/\/archive.sana.sy\/tr\/index.php?rest_route=\/wp\/v2\/types\/post"}],"author":[{"embeddable":true,"href":"https:\/\/archive.sana.sy\/tr\/index.php?rest_route=\/wp\/v2\/users\/1"}],"replies":[{"embeddable":true,"href":"https:\/\/archive.sana.sy\/tr\/index.php?rest_route=%2Fwp%2Fv2%2Fcomments&post=151043"}],"version-history":[{"count":0,"href":"https:\/\/archive.sana.sy\/tr\/index.php?rest_route=\/wp\/v2\/posts\/151043\/revisions"}],"wp:featuredmedia":[{"embeddable":true,"href":"https:\/\/archive.sana.sy\/tr\/index.php?rest_route=\/wp\/v2\/media\/151045"}],"wp:attachment":[{"href":"https:\/\/archive.sana.sy\/tr\/index.php?rest_route=%2Fwp%2Fv2%2Fmedia&parent=151043"}],"wp:term":[{"taxonomy":"category","embeddable":true,"href":"https:\/\/archive.sana.sy\/tr\/index.php?rest_route=%2Fwp%2Fv2%2Fcategories&post=151043"},{"taxonomy":"post_tag","embeddable":true,"href":"https:\/\/archive.sana.sy\/tr\/index.php?rest_route=%2Fwp%2Fv2%2Ftags&post=151043"}],"curies":[{"name":"wp","href":"https:\/\/api.w.org\/{rel}","templated":true}]}}