{"id":151081,"date":"2018-06-03T13:30:43","date_gmt":"2018-06-03T10:30:43","guid":{"rendered":"https:\/\/www.sana.sy\/tr\/?p=151081"},"modified":"2018-06-04T14:39:31","modified_gmt":"2018-06-04T11:39:31","slug":"engelli-ve-sehit-cocuklari-icin-iftar-yemegi","status":"publish","type":"post","link":"https:\/\/archive.sana.sy\/tr\/?p=151081","title":{"rendered":"Engelli ve \u015eehit \u00c7ocuklar\u0131 \u0130\u00e7in \u0130ftar Yeme\u011fi"},"content":{"rendered":"<p>DERA \u2013 Baas \u00d6nc\u00fcleri Dera \u0130l \u015eubesi d\u00fcn ak\u015fam Dera Kentinde \u2018Hay\u0131r Y\u0131l\u0131\u2019 slogan\u0131 alt\u0131nda d\u00fczenledi\u011fi Ramazan Bulu\u015fmas\u0131nda engelli ve \u015fehit \u00e7ocuklar\u0131 i\u00e7in iftar yeme\u011fi verdi.<\/p>\n<p>\u0130l E\u011fitim ve Turizm m\u00fcd\u00fcrl\u00fcklerinin i\u015fbirli\u011fi ile d\u00fczenlenen bulu\u015fmada iftar yeme\u011fine davet edilen \u00e7ocuklar aras\u0131nda k\u00fclt\u00fcrel etkinlikler ve yar\u0131\u015fmalar da yap\u0131ld\u0131.<\/p>\n<p>Faaliyette gelece\u011fin mimarlar\u0131 \u00e7ocuklara gereken ilgi ve \u00f6nemin verilmesi, geleceklerini yap\u0131land\u0131rmalar\u0131na da yard\u0131m ve destekte bulunman\u0131n \u00f6nemi kaydedildi.<\/p>\n<p>Faaliyete Dera Valisi Muhammed Halit Hanus ve Baas Partisinin Dera \u0130l Ba\u015fkan\u0131 H\u00fcseyin Rifai&#8217;de kat\u0131ld\u0131.<\/p>\n<div id='gallery-1' class='gallery galleryid-151081 gallery-columns-1 gallery-size-large'><figure class='gallery-item'>\n\t\t\t<div class='gallery-icon landscape'>\n\t\t\t\t<a href='https:\/\/archive.sana.sy\/tr\/wp-content\/uploads\/2018\/06\/1-22.jpg'><img loading=\"lazy\" decoding=\"async\" width=\"618\" height=\"392\" src=\"https:\/\/archive.sana.sy\/tr\/wp-content\/uploads\/2018\/06\/1-22-1024x649.jpg\" class=\"attachment-large size-large\" alt=\"\" srcset=\"https:\/\/archive.sana.sy\/tr\/wp-content\/uploads\/2018\/06\/1-22-1024x649.jpg 1024w, https:\/\/archive.sana.sy\/tr\/wp-content\/uploads\/2018\/06\/1-22-150x95.jpg 150w, https:\/\/archive.sana.sy\/tr\/wp-content\/uploads\/2018\/06\/1-22-300x190.jpg 300w, https:\/\/archive.sana.sy\/tr\/wp-content\/uploads\/2018\/06\/1-22-768x487.jpg 768w, https:\/\/archive.sana.sy\/tr\/wp-content\/uploads\/2018\/06\/1-22.jpg 1028w\" sizes=\"auto, (max-width: 618px) 100vw, 618px\" \/><\/a>\n\t\t\t<\/div><\/figure><figure class='gallery-item'>\n\t\t\t<div class='gallery-icon landscape'>\n\t\t\t\t<a href='https:\/\/archive.sana.sy\/tr\/wp-content\/uploads\/2018\/06\/2-11.jpg'><img loading=\"lazy\" decoding=\"async\" width=\"618\" height=\"348\" src=\"https:\/\/archive.sana.sy\/tr\/wp-content\/uploads\/2018\/06\/2-11-1024x577.jpg\" class=\"attachment-large size-large\" alt=\"\" srcset=\"https:\/\/archive.sana.sy\/tr\/wp-content\/uploads\/2018\/06\/2-11-1024x577.jpg 1024w, https:\/\/archive.sana.sy\/tr\/wp-content\/uploads\/2018\/06\/2-11-150x84.jpg 150w, https:\/\/archive.sana.sy\/tr\/wp-content\/uploads\/2018\/06\/2-11-300x169.jpg 300w, https:\/\/archive.sana.sy\/tr\/wp-content\/uploads\/2018\/06\/2-11-768x433.jpg 768w, https:\/\/archive.sana.sy\/tr\/wp-content\/uploads\/2018\/06\/2-11.jpg 1280w\" sizes=\"auto, (max-width: 618px) 100vw, 618px\" \/><\/a>\n\t\t\t<\/div><\/figure><figure class='gallery-item'>\n\t\t\t<div class='gallery-icon landscape'>\n\t\t\t\t<a href='https:\/\/archive.sana.sy\/tr\/wp-content\/uploads\/2018\/06\/3-8.jpg'><img loading=\"lazy\" decoding=\"async\" width=\"618\" height=\"348\" src=\"https:\/\/archive.sana.sy\/tr\/wp-content\/uploads\/2018\/06\/3-8-1024x577.jpg\" class=\"attachment-large size-large\" alt=\"\" srcset=\"https:\/\/archive.sana.sy\/tr\/wp-content\/uploads\/2018\/06\/3-8-1024x577.jpg 1024w, https:\/\/archive.sana.sy\/tr\/wp-content\/uploads\/2018\/06\/3-8-150x84.jpg 150w, https:\/\/archive.sana.sy\/tr\/wp-content\/uploads\/2018\/06\/3-8-300x169.jpg 300w, https:\/\/archive.sana.sy\/tr\/wp-content\/uploads\/2018\/06\/3-8-768x433.jpg 768w, https:\/\/archive.sana.sy\/tr\/wp-content\/uploads\/2018\/06\/3-8.jpg 1280w\" sizes=\"auto, (max-width: 618px) 100vw, 618px\" \/><\/a>\n\t\t\t<\/div><\/figure><figure class='gallery-item'>\n\t\t\t<div class='gallery-icon landscape'>\n\t\t\t\t<a href='https:\/\/archive.sana.sy\/tr\/wp-content\/uploads\/2018\/06\/4-5.jpg'><img loading=\"lazy\" decoding=\"async\" width=\"618\" height=\"348\" src=\"https:\/\/archive.sana.sy\/tr\/wp-content\/uploads\/2018\/06\/4-5-1024x577.jpg\" class=\"attachment-large size-large\" alt=\"\" srcset=\"https:\/\/archive.sana.sy\/tr\/wp-content\/uploads\/2018\/06\/4-5-1024x577.jpg 1024w, https:\/\/archive.sana.sy\/tr\/wp-content\/uploads\/2018\/06\/4-5-150x84.jpg 150w, https:\/\/archive.sana.sy\/tr\/wp-content\/uploads\/2018\/06\/4-5-300x169.jpg 300w, https:\/\/archive.sana.sy\/tr\/wp-content\/uploads\/2018\/06\/4-5-768x433.jpg 768w, https:\/\/archive.sana.sy\/tr\/wp-content\/uploads\/2018\/06\/4-5.jpg 1280w\" sizes=\"auto, (max-width: 618px) 100vw, 618px\" \/><\/a>\n\t\t\t<\/div><\/figure><figure class='gallery-item'>\n\t\t\t<div class='gallery-icon landscape'>\n\t\t\t\t<a href='https:\/\/archive.sana.sy\/tr\/wp-content\/uploads\/2018\/06\/5-3.jpg'><img loading=\"lazy\" decoding=\"async\" width=\"618\" height=\"348\" src=\"https:\/\/archive.sana.sy\/tr\/wp-content\/uploads\/2018\/06\/5-3-1024x577.jpg\" class=\"attachment-large size-large\" alt=\"\" srcset=\"https:\/\/archive.sana.sy\/tr\/wp-content\/uploads\/2018\/06\/5-3-1024x577.jpg 1024w, https:\/\/archive.sana.sy\/tr\/wp-content\/uploads\/2018\/06\/5-3-150x84.jpg 150w, https:\/\/archive.sana.sy\/tr\/wp-content\/uploads\/2018\/06\/5-3-300x169.jpg 300w, https:\/\/archive.sana.sy\/tr\/wp-content\/uploads\/2018\/06\/5-3-768x433.jpg 768w, https:\/\/archive.sana.sy\/tr\/wp-content\/uploads\/2018\/06\/5-3.jpg 1280w\" sizes=\"auto, (max-width: 618px) 100vw, 618px\" \/><\/a>\n\t\t\t<\/div><\/figure>\n\t\t<\/div>\n\n<p>&nbsp;<\/p>\n","protected":false},"excerpt":{"rendered":"<p>DERA \u2013 Baas \u00d6nc\u00fcleri Dera \u0130l \u015eubesi d\u00fcn ak\u015fam Dera Kentinde \u2018Hay\u0131r Y\u0131l\u0131\u2019 slogan\u0131 alt\u0131nda d\u00fczenledi\u011fi Ramazan Bulu\u015fmas\u0131nda engelli ve \u015fehit \u00e7ocuklar\u0131 i\u00e7in iftar yeme\u011fi verdi. \u0130l E\u011fitim ve Turizm m\u00fcd\u00fcrl\u00fcklerinin i\u015fbirli\u011fi ile d\u00fczenlenen bulu\u015fmada iftar yeme\u011fine davet edilen \u00e7ocuklar aras\u0131nda k\u00fclt\u00fcrel etkinlikler ve yar\u0131\u015fmalar da yap\u0131ld\u0131. Faaliyette gelece\u011fin mimarlar\u0131 \u00e7ocuklara gereken ilgi ve \u00f6nemin &hellip;<\/p>\n","protected":false},"author":1,"featured_media":151082,"comment_status":"closed","ping_status":"closed","sticky":false,"template":"","format":"standard","meta":{"footnotes":""},"categories":[596,526,541,479,17988,525,538,478],"tags":[26469,21336,19560,1295,21804,16591,25414],"class_list":["post-151081","post","type-post","status-publish","format-standard","has-post-thumbnail","","category-fotografli-raporlar","category-haber-ve-raporlar","category-haberler","category-haberler-yerel","category-son-haberler","category-toplum","category-yasam","category-yerel","tag-baas-onculeri","tag-baas-partisi","tag-cocuk-esirgeme","tag-dera","tag-iftar-yemegi","tag-suriye","tag-suriyeli-cocuklar"],"_links":{"self":[{"href":"https:\/\/archive.sana.sy\/tr\/index.php?rest_route=\/wp\/v2\/posts\/151081","targetHints":{"allow":["GET"]}}],"collection":[{"href":"https:\/\/archive.sana.sy\/tr\/index.php?rest_route=\/wp\/v2\/posts"}],"about":[{"href":"https:\/\/archive.sana.sy\/tr\/index.php?rest_route=\/wp\/v2\/types\/post"}],"author":[{"embeddable":true,"href":"https:\/\/archive.sana.sy\/tr\/index.php?rest_route=\/wp\/v2\/users\/1"}],"replies":[{"embeddable":true,"href":"https:\/\/archive.sana.sy\/tr\/index.php?rest_route=%2Fwp%2Fv2%2Fcomments&post=151081"}],"version-history":[{"count":0,"href":"https:\/\/archive.sana.sy\/tr\/index.php?rest_route=\/wp\/v2\/posts\/151081\/revisions"}],"wp:featuredmedia":[{"embeddable":true,"href":"https:\/\/archive.sana.sy\/tr\/index.php?rest_route=\/wp\/v2\/media\/151082"}],"wp:attachment":[{"href":"https:\/\/archive.sana.sy\/tr\/index.php?rest_route=%2Fwp%2Fv2%2Fmedia&parent=151081"}],"wp:term":[{"taxonomy":"category","embeddable":true,"href":"https:\/\/archive.sana.sy\/tr\/index.php?rest_route=%2Fwp%2Fv2%2Fcategories&post=151081"},{"taxonomy":"post_tag","embeddable":true,"href":"https:\/\/archive.sana.sy\/tr\/index.php?rest_route=%2Fwp%2Fv2%2Ftags&post=151081"}],"curies":[{"name":"wp","href":"https:\/\/api.w.org\/{rel}","templated":true}]}}