{"id":15112,"date":"2014-11-10T08:25:17","date_gmt":"2014-11-10T06:25:17","guid":{"rendered":"http:\/\/www.sana.sy\/tr\/?p=15112"},"modified":"2014-11-10T13:09:12","modified_gmt":"2014-11-10T11:09:12","slug":"kahramanlarimiz-buyuk-zafere-kararli-ilerleyislerini-surduruyorlar-2","status":"publish","type":"post","link":"https:\/\/archive.sana.sy\/tr\/?p=15112","title":{"rendered":"Kahramanlar\u0131m\u0131z B\u00fcy\u00fck Zafere Kararl\u0131 \u0130lerleyi\u015flerini S\u00fcrd\u00fcr\u00fcyorlar"},"content":{"rendered":"<p>\u0130LLER \u2013 Vatan ve vatanda\u015flar\u0131n maruz kald\u0131\u011f\u0131 \u00e7okuluslu ter\u00f6re kar\u015f\u0131 m\u00fccadelesinde d\u00fcnyan\u0131n takdirini kazanan vatan koruyucular\u0131m\u0131z d\u00fcn\u00a0muhtelif b\u00f6lgelerde ter\u00f6ristlere ait cephanelikler, ara\u00e7 konvoylar\u0131 ve yuvalar\u0131 imha etmeye devam etti.<\/p>\n<p><span style=\"color: #0000ff\">Dera K\u0131rsal\u0131nda Operasyonlar S\u00fcr\u00fcyor<\/span><\/p>\n<p>Askeri kaynak ordu birliklerimizin Dera k\u0131rsal\u0131n\u0131n el H\u0131z\u0131r Tepesi bat\u0131s\u0131nda 8 ter\u00f6risti \u00f6ld\u00fcr\u00fcp bir\u00e7o\u011funu da yaral\u0131 ele ge\u00e7irdiklerini aktard\u0131.<\/p>\n<p>Ordu birliklerimiz yine Dera k\u0131rsal\u0131n\u0131n \u015eeyh Meskin, Dael, Ibta ve Tafas beldelerinde ter\u00f6ristlerin karargah ve cephanelerini muhtevalar\u0131yla hedef alarak \u00e7ok say\u0131da ter\u00f6risti \u00f6l\u00fc yaral\u0131 d\u00fc\u015f\u00fcrd\u00fc.<\/p>\n<p>Ordu birliklerimiz Dera k\u0131rsal\u0131 Neva B\u00f6lgesinde \u00f6n\u00fcm\u00fczdeki s\u00fcre\u00e7 i\u00e7inde ter\u00f6ristlere y\u00f6nelik operasyonlar\u0131yla uyumlu olarak yeniden konu\u015flanma manevras\u0131 ger\u00e7ekle\u015ftirdi.<\/p>\n<p>Askeri kaynak ordu birliklerimizin ter\u00f6r \u00e7etelerin Neva B\u00f6lgesinde sald\u0131rd\u0131klar\u0131 t\u00fcm b\u00f6lgeleri geri ald\u0131klar\u0131n\u0131 belirtti.<\/p>\n<p>\u015eeyh Meskin Operasyonlar\u0131ndan kareler&#8230;<\/p>\n<div style=\"width: 618px;\" class=\"wp-video\"><!--[if lt IE 9]><script>document.createElement('video');<\/script><![endif]-->\n<video class=\"wp-video-shortcode\" id=\"video-15112-1\" width=\"618\" height=\"348\" preload=\"metadata\" controls=\"controls\"><source type=\"video\/mp4\" src=\"http:\/\/www.sana.sy\/tr\/wp-content\/uploads\/2014\/11\/Dera-k\u0131rsal\u0131.mp4?_=1\" \/><a href=\"http:\/\/www.sana.sy\/tr\/wp-content\/uploads\/2014\/11\/Dera-k\u0131rsal\u0131.mp4\">http:\/\/www.sana.sy\/tr\/wp-content\/uploads\/2014\/11\/Dera-k\u0131rsal\u0131.mp4<\/a><\/video><\/div>\n<p><span style=\"color: #0000ff\">Deyrezzor\u2019da I\u015e\u0130D Mevkileri Havaya U\u00e7uruldu<\/span><\/p>\n<p>Deyrezzor Kentinin Cbeyla Semtinde I\u015e\u0130D\u2019e ait bir cephane deposunu i\u00e7indeki ter\u00f6ristler ve b\u00fcy\u00fck miktarda cephaneyle birlikte havaya u\u00e7uran ordu birliklerimiz; krsal\u0131n g\u00fcneyine d\u00fc\u015fen Harrata B\u00f6lgesinde de k\u00fcmelenme yerleri ve karargahlar\u0131n\u0131 hedef alarak \u00e7ok say\u0131da I\u015e\u0130D\u2019liyi \u00f6l\u00fc yaral\u0131 d\u00fc\u015f\u00fcrd\u00fc.<\/p>\n<p>Vatan koruyucular\u0131m\u0131z operasyonlar\u0131nda ayr\u0131ca I\u015e\u0130D \u00e7etelerinin kulland\u0131klar\u0131 ve bir k\u0131sm\u0131 a\u011f\u0131r makineli silahlarla donat\u0131lm\u0131\u015f olan bir\u00e7ok arac\u0131 ta\u015f\u0131d\u0131\u011f\u0131 ter\u00f6rist ve cephaneyle birlikte imha etti.<\/p>\n<p><span style=\"color: #0000ff\">\u0130dlib K\u0131rsal\u0131nda A\u011f\u0131r Kay\u0131plar\u0131 Devam Ediyor<\/span><\/p>\n<p>Bu arada vatan koruyucular\u0131m\u0131z \u0130dlib k\u0131rsal\u0131n\u0131n maardibsa, Dadih, Hbayt, Muarrat el Numan, Bserce, Kuvrin, Sermin, Seylon, Arbain Da\u011f\u0131n\u0131n g\u00fcneyi, \u015eeyh Yusuf K\u00f6y\u00fc ve Kmeynas \u00c7iftliklerinde ter\u00f6r \u00e7etelerinin toplanma yerleri ve karargahlar\u0131n\u0131 hedef ald\u0131.<\/p>\n<p>Askeri kaynak operasyonlarda aralar\u0131nda yabanc\u0131 ve tehlikeli eleba\u015flar\u0131n bulundu\u011fu onlarca ter\u00f6ristin \u00f6l\u00fc yaral\u0131 d\u00fc\u015f\u00fcr\u00fcld\u00fc\u011f\u00fcn\u00fc belirtti.<\/p>\n<p><span style=\"color: #0000ff\">Homs K\u0131rsal\u0131nda Ara\u00e7lar\u0131yla \u0130mha Edildiler<\/span><\/p>\n<p>\u00d6te yandan ordu birliklerimiz Homs k\u0131rsal\u0131nda Resten \u2013 Gacar karayolu, Ub el Gacar ter\u00f6ristlerin k\u00fcmelenme yerlerini ve ara\u00e7lar\u0131n\u0131 imha ederek bir\u00e7o\u011funu \u00f6l\u00fc yaral\u0131 d\u00fc\u015f\u00fcrd\u00fc.<\/p>\n<p>Azm Binas\u0131 yak\u0131nlar\u0131nda Resten G\u00f6l\u00fc sahilinin yan\u0131 s\u0131ra Zara Beldesinin bat\u0131s\u0131nda ter\u00f6ristlerin toplanma yerlerini hedef al\u0131p bir ara\u00e7lar\u0131n\u0131 ve \u00e7ok say\u0131da ter\u00f6risti etkisizle\u015ftiren ordu birliklerimiz; Hattab, Kuzey M\u015feyrfa ve Vudayhi b\u00f6lgelerinde de \u00e7ok say\u0131da ter\u00f6risti ara\u00e7 ve ekipmanlar\u0131yla birlikte etkisizle\u015ftirdi.<\/p>\n","protected":false},"excerpt":{"rendered":"<p>\u0130LLER \u2013 Vatan ve vatanda\u015flar\u0131n maruz kald\u0131\u011f\u0131 \u00e7okuluslu ter\u00f6re kar\u015f\u0131 m\u00fccadelesinde d\u00fcnyan\u0131n takdirini kazanan vatan koruyucular\u0131m\u0131z d\u00fcn\u00a0muhtelif b\u00f6lgelerde ter\u00f6ristlere ait cephanelikler, ara\u00e7 konvoylar\u0131 ve yuvalar\u0131 imha etmeye devam etti. Dera K\u0131rsal\u0131nda Operasyonlar S\u00fcr\u00fcyor Askeri kaynak ordu birliklerimizin Dera k\u0131rsal\u0131n\u0131n el H\u0131z\u0131r Tepesi bat\u0131s\u0131nda 8 ter\u00f6risti \u00f6ld\u00fcr\u00fcp bir\u00e7o\u011funu da yaral\u0131 ele ge\u00e7irdiklerini aktard\u0131. Ordu birliklerimiz yine &hellip;<\/p>\n","protected":false},"author":1,"featured_media":15115,"comment_status":"closed","ping_status":"closed","sticky":false,"template":"","format":"standard","meta":{"footnotes":""},"categories":[575],"tags":[5390,5398,5395,5393,5391,5394,5392,5389,5240,5401,5243,5396,5399,5397,5400],"class_list":["post-15112","post","type-post","status-publish","format-standard","has-post-thumbnail","","category-olaylar-ve-gercekler","tag-arac-konvoylari-ve-yuvalari-imha-etmeye-devam-etti-dera-kirsalinda-operasyonlar-suruyor-askeri-kaynak-ordu-birliklerimizin-dera-kirsalinin-el-hizir-tepesi-batisinda-8-teroristi-oldurup-bircogunu-da-y","tag-arbain-daginin-guneyi","tag-bserce","tag-dadih","tag-dael","tag-hbayt","tag-ibta-ve-tafas-beldelerinde-teroristlerin-karargah-ve-cephanelerini-muhtevalariyla-hedef-alarak-cok-sayida-teroristi-olu-yarali-dusurdu-deyrezzorda-isid-mevkileri-havaya-ucuruldu-deyrezzor-ke","tag-kahramanlarimiz-buyuk-zafere-kararli-ilerleyislerini-surduruyorlar-iller-vatan-ve-vatandaslarin-maruz-kaldigi-cokuluslu-terore-karsi-mucadelesinde-dunyanin-takdirini-kazanan-vatan-koruyucula","tag-kuvrin","tag-kuzey-mseyrfa-ve-vudayhi-bolgelerinde-de-cok-sayida-teroristi-arac-ve-ekipmanlariyla-birlikte-etkisizlestirdi","tag-muarrat-el-numan","tag-sermin","tag-seyh-yusuf-koyu-ve-kmeynas-ciftliklerinde-teror-cetelerinin-toplanma-yerleri-ve-karargahlarini-hedef-aldi-askeri-kaynak-operasyonlarda-aralarinda-yabanci-ve-tehlikeli-elebaslarin-bulundugu-onlarca-te","tag-seylon","tag-ub-el-gacar-teroristlerin-kumelenme-yerlerini-ve-araclarini-imha-ederek-bircogunu-olu-yarali-dusurdu-azm-binasi-yakinlarinda-resten-golu-sahilinin-yani-sira-zara-beldesinin-batisinda-teroristlerin-to"],"_links":{"self":[{"href":"https:\/\/archive.sana.sy\/tr\/index.php?rest_route=\/wp\/v2\/posts\/15112","targetHints":{"allow":["GET"]}}],"collection":[{"href":"https:\/\/archive.sana.sy\/tr\/index.php?rest_route=\/wp\/v2\/posts"}],"about":[{"href":"https:\/\/archive.sana.sy\/tr\/index.php?rest_route=\/wp\/v2\/types\/post"}],"author":[{"embeddable":true,"href":"https:\/\/archive.sana.sy\/tr\/index.php?rest_route=\/wp\/v2\/users\/1"}],"replies":[{"embeddable":true,"href":"https:\/\/archive.sana.sy\/tr\/index.php?rest_route=%2Fwp%2Fv2%2Fcomments&post=15112"}],"version-history":[{"count":0,"href":"https:\/\/archive.sana.sy\/tr\/index.php?rest_route=\/wp\/v2\/posts\/15112\/revisions"}],"wp:featuredmedia":[{"embeddable":true,"href":"https:\/\/archive.sana.sy\/tr\/index.php?rest_route=\/wp\/v2\/media\/15115"}],"wp:attachment":[{"href":"https:\/\/archive.sana.sy\/tr\/index.php?rest_route=%2Fwp%2Fv2%2Fmedia&parent=15112"}],"wp:term":[{"taxonomy":"category","embeddable":true,"href":"https:\/\/archive.sana.sy\/tr\/index.php?rest_route=%2Fwp%2Fv2%2Fcategories&post=15112"},{"taxonomy":"post_tag","embeddable":true,"href":"https:\/\/archive.sana.sy\/tr\/index.php?rest_route=%2Fwp%2Fv2%2Ftags&post=15112"}],"curies":[{"name":"wp","href":"https:\/\/api.w.org\/{rel}","templated":true}]}}