{"id":151136,"date":"2018-06-04T12:02:02","date_gmt":"2018-06-04T09:02:02","guid":{"rendered":"https:\/\/www.sana.sy\/tr\/?p=151136"},"modified":"2018-06-05T14:45:53","modified_gmt":"2018-06-05T11:45:53","slug":"israilin-destekledigi-teroristler-yine-sivillere-saldirdi","status":"publish","type":"post","link":"https:\/\/archive.sana.sy\/tr\/?p=151136","title":{"rendered":"\u0130srail\u2019in Destekledi\u011fi Ter\u00f6ristler Yine Sivillere Sald\u0131rd\u0131"},"content":{"rendered":"<p>KUNAYTRA \u2013 Kunaytra k\u0131rsal\u0131nda \u0130srail\u2019den destek ve komuta alan Nusra Cephesine tabi ter\u00f6ristler bug\u00fcn yine sivil yerle\u015fim alanlar\u0131na f\u00fcze sald\u0131r\u0131lar\u0131nda bulunurlarken ordu birliklerimiz sald\u0131rgan ter\u00f6ristlere kar\u015f\u0131l\u0131k verdi.<\/p>\n<p>SANA\u2019n\u0131n Kunaytra muhabiri Um Batina Beldesinde bulunan ve \u0130srail\u2019den komuta alan radikal ter\u00f6r \u00f6rg\u00fct\u00fc Nusra Cephesine tabi ter\u00f6ristlerin bug\u00fcn erken saatlerde Han Arneba Beldesinde sivilleri gaddar f\u00fczelerle hedef ald\u0131klar\u0131n\u0131 belirtti.<\/p>\n<p>Muhabir ter\u00f6r sald\u0131r\u0131lar\u0131nda \u015fan eseri be\u015feri isabetlerin olmad\u0131\u011f\u0131na dikkat \u00e7ekerken, fakat \u00f6zel ve kamu m\u00fclklerde maddi hasar meydana geldi\u011fini kaydetti.<\/p>\n<p>Ordu birliklerimizin sald\u0131rgan ter\u00f6ristlerin mevkilerini tespit edip uygun silahlarla kar\u015f\u0131l\u0131k verdi\u011fini belirten muhabir; kulland\u0131klar\u0131 f\u00fcze bataryalar\u0131 ve havan toplar\u0131n\u0131n ter\u00f6rist ekipleriyle birlikte imha edildiklerini vurgulad\u0131.<\/p>\n","protected":false},"excerpt":{"rendered":"<p>KUNAYTRA \u2013 Kunaytra k\u0131rsal\u0131nda \u0130srail\u2019den destek ve komuta alan Nusra Cephesine tabi ter\u00f6ristler bug\u00fcn yine sivil yerle\u015fim alanlar\u0131na f\u00fcze sald\u0131r\u0131lar\u0131nda bulunurlarken ordu birliklerimiz sald\u0131rgan ter\u00f6ristlere kar\u015f\u0131l\u0131k verdi. SANA\u2019n\u0131n Kunaytra muhabiri Um Batina Beldesinde bulunan ve \u0130srail\u2019den komuta alan radikal ter\u00f6r \u00f6rg\u00fct\u00fc Nusra Cephesine tabi ter\u00f6ristlerin bug\u00fcn erken saatlerde Han Arneba Beldesinde sivilleri gaddar f\u00fczelerle hedef &hellip;<\/p>\n","protected":false},"author":1,"featured_media":151138,"comment_status":"closed","ping_status":"closed","sticky":false,"template":"","format":"standard","meta":{"footnotes":""},"categories":[479,575,17988,478],"tags":[3464,5614,3564,18674,32144,24111,26165,19034,28327],"class_list":["post-151136","post","type-post","status-publish","format-standard","has-post-thumbnail","","category-haberler-yerel","category-olaylar-ve-gercekler","category-son-haberler","category-yerel","tag-nusra-cephesi","tag-israil","tag-kunaytra","tag-silahli-muhalifler","tag-sivillere-saldirdi","tag-sivilleri-bombaladi","tag-sivilleri-vurdu","tag-suriyeli-muhalifler","tag-tahrir-el-sam"],"_links":{"self":[{"href":"https:\/\/archive.sana.sy\/tr\/index.php?rest_route=\/wp\/v2\/posts\/151136","targetHints":{"allow":["GET"]}}],"collection":[{"href":"https:\/\/archive.sana.sy\/tr\/index.php?rest_route=\/wp\/v2\/posts"}],"about":[{"href":"https:\/\/archive.sana.sy\/tr\/index.php?rest_route=\/wp\/v2\/types\/post"}],"author":[{"embeddable":true,"href":"https:\/\/archive.sana.sy\/tr\/index.php?rest_route=\/wp\/v2\/users\/1"}],"replies":[{"embeddable":true,"href":"https:\/\/archive.sana.sy\/tr\/index.php?rest_route=%2Fwp%2Fv2%2Fcomments&post=151136"}],"version-history":[{"count":0,"href":"https:\/\/archive.sana.sy\/tr\/index.php?rest_route=\/wp\/v2\/posts\/151136\/revisions"}],"wp:featuredmedia":[{"embeddable":true,"href":"https:\/\/archive.sana.sy\/tr\/index.php?rest_route=\/wp\/v2\/media\/151138"}],"wp:attachment":[{"href":"https:\/\/archive.sana.sy\/tr\/index.php?rest_route=%2Fwp%2Fv2%2Fmedia&parent=151136"}],"wp:term":[{"taxonomy":"category","embeddable":true,"href":"https:\/\/archive.sana.sy\/tr\/index.php?rest_route=%2Fwp%2Fv2%2Fcategories&post=151136"},{"taxonomy":"post_tag","embeddable":true,"href":"https:\/\/archive.sana.sy\/tr\/index.php?rest_route=%2Fwp%2Fv2%2Ftags&post=151136"}],"curies":[{"name":"wp","href":"https:\/\/api.w.org\/{rel}","templated":true}]}}