{"id":151188,"date":"2018-06-05T17:00:32","date_gmt":"2018-06-05T14:00:32","guid":{"rendered":"https:\/\/www.sana.sy\/tr\/?p=151188"},"modified":"2018-06-06T14:35:32","modified_gmt":"2018-06-06T11:35:32","slug":"abd-koalisyonu-dsg-guclerine-katilmayi-reddeden-yerlesim-alanlarini-bombaliyor","status":"publish","type":"post","link":"https:\/\/archive.sana.sy\/tr\/?p=151188","title":{"rendered":"ABD Koalisyonu DSG G\u00fc\u00e7lerine Kat\u0131lmay\u0131 Reddeden Yerle\u015fim Alanlar\u0131n\u0131 Bombal\u0131yor"},"content":{"rendered":"<p>HASEKE \u2013 ABD komutas\u0131ndaki gayr\u0131 me\u015fru uluslar aras\u0131 koalisyonun I\u015e\u0130D\u2019e kar\u015f\u0131 sava\u015f bahanesi alt\u0131nda masum sivilleri bombalamaya devam etmesiyle katliamlar zincirinin son halkas\u0131nda en az 10 vatanda\u015f \u015fehit d\u00fc\u015ft\u00fc.<\/p>\n<p>Haseke k\u0131rsal\u0131n\u0131n g\u00fcneyi Cezza Beldesinde yerel kaynaklar SANA\u2019ya a\u00e7\u0131klamalar\u0131nda; ABD koalisyonuna tabi sava\u015f u\u00e7aklar\u0131n\u0131n \u015eeddadi Kentinin g\u00fcneyinde yer alan s\u00f6z konusu k\u00f6yde sivil vatanda\u015flar\u0131n evlerini bombalad\u0131klar\u0131n\u0131 belirtti. Kaynaklar bombard\u0131man sonucunda aralar\u0131nda \u00e7ocuk ve kad\u0131nlar\u0131n bulundu\u011fu 10 masum sivil vatanda\u015f\u0131n \u015fehit, bir\u00e7ok vatanda\u015f\u0131n yaral\u0131 d\u00fc\u015ft\u00fcklerini ifade ederken, evlerde b\u00fcy\u00fck y\u0131k\u0131m ve hasar\u0131n meydana geldi\u011fini s\u00f6zlerine ekledi.<\/p>\n<p>Yerel kaynaklar ABD koalisyonunun son s\u00fcre\u00e7 i\u00e7inde \u015eeddadi Kentinin g\u00fcneydo\u011fu k\u0131rsal\u0131ndaki yerle\u015fim alanlar\u0131nda sivil vatanda\u015flar ve evlerine kar\u015f\u0131 bombard\u0131manlar\u0131n\u0131 yo\u011funla\u015ft\u0131rd\u0131klar\u0131n\u0131 vurgularken, bunun temel nedeninin bu b\u00f6lgedeki vatanda\u015flar\u0131n ABD komutas\u0131ndaki Demokratik Suriye G\u00fc\u00e7leri saflar\u0131na kat\u0131lmay\u0131 reddetmeleri oldu\u011funun alt\u0131n\u0131 \u00e7izdi.<\/p>\n<p>DSG g\u00fc\u00e7leri saflar\u0131na kat\u0131lmay\u0131 reddeden belde ve k\u00f6ylerin yo\u011fun bombard\u0131man ve top ate\u015fine maruz kald\u0131klar\u0131na dikkat \u00e7eken kaynaklar; bu sald\u0131r\u0131lar sonucunda y\u00fczlerce ailenin evlerinden tehcir edildi\u011fini vurgulad\u0131. Kaynaklar t\u00fcm bunlar\u0131n sonucunda b\u00f6lgede insani durumlar\u0131n k\u00f6t\u00fcye yuvarland\u0131\u011f\u0131n\u0131 ifade etti.<\/p>\n","protected":false},"excerpt":{"rendered":"<p>HASEKE \u2013 ABD komutas\u0131ndaki gayr\u0131 me\u015fru uluslar aras\u0131 koalisyonun I\u015e\u0130D\u2019e kar\u015f\u0131 sava\u015f bahanesi alt\u0131nda masum sivilleri bombalamaya devam etmesiyle katliamlar zincirinin son halkas\u0131nda en az 10 vatanda\u015f \u015fehit d\u00fc\u015ft\u00fc. Haseke k\u0131rsal\u0131n\u0131n g\u00fcneyi Cezza Beldesinde yerel kaynaklar SANA\u2019ya a\u00e7\u0131klamalar\u0131nda; ABD koalisyonuna tabi sava\u015f u\u00e7aklar\u0131n\u0131n \u015eeddadi Kentinin g\u00fcneyinde yer alan s\u00f6z konusu k\u00f6yde sivil vatanda\u015flar\u0131n evlerini bombalad\u0131klar\u0131n\u0131 &hellip;<\/p>\n","protected":false},"author":1,"featured_media":151189,"comment_status":"closed","ping_status":"closed","sticky":false,"template":"","format":"standard","meta":{"footnotes":""},"categories":[479,575,17988,478],"tags":[19160,23309,31664,32819,1140,36333,23307,2517,22717],"class_list":["post-151188","post","type-post","status-publish","format-standard","has-post-thumbnail","","category-haberler-yerel","category-olaylar-ve-gercekler","category-son-haberler","category-yerel","tag-abd-koalisyonu","tag-asayis-gucleri","tag-demokratik-suriye-gucleri","tag-dsg","tag-haseke","tag-kurt-militanlar","tag-pkk","tag-uluslararasi-koalisyon","tag-ypg"],"_links":{"self":[{"href":"https:\/\/archive.sana.sy\/tr\/index.php?rest_route=\/wp\/v2\/posts\/151188","targetHints":{"allow":["GET"]}}],"collection":[{"href":"https:\/\/archive.sana.sy\/tr\/index.php?rest_route=\/wp\/v2\/posts"}],"about":[{"href":"https:\/\/archive.sana.sy\/tr\/index.php?rest_route=\/wp\/v2\/types\/post"}],"author":[{"embeddable":true,"href":"https:\/\/archive.sana.sy\/tr\/index.php?rest_route=\/wp\/v2\/users\/1"}],"replies":[{"embeddable":true,"href":"https:\/\/archive.sana.sy\/tr\/index.php?rest_route=%2Fwp%2Fv2%2Fcomments&post=151188"}],"version-history":[{"count":0,"href":"https:\/\/archive.sana.sy\/tr\/index.php?rest_route=\/wp\/v2\/posts\/151188\/revisions"}],"wp:featuredmedia":[{"embeddable":true,"href":"https:\/\/archive.sana.sy\/tr\/index.php?rest_route=\/wp\/v2\/media\/151189"}],"wp:attachment":[{"href":"https:\/\/archive.sana.sy\/tr\/index.php?rest_route=%2Fwp%2Fv2%2Fmedia&parent=151188"}],"wp:term":[{"taxonomy":"category","embeddable":true,"href":"https:\/\/archive.sana.sy\/tr\/index.php?rest_route=%2Fwp%2Fv2%2Fcategories&post=151188"},{"taxonomy":"post_tag","embeddable":true,"href":"https:\/\/archive.sana.sy\/tr\/index.php?rest_route=%2Fwp%2Fv2%2Ftags&post=151188"}],"curies":[{"name":"wp","href":"https:\/\/api.w.org\/{rel}","templated":true}]}}