{"id":15119,"date":"2014-11-09T15:04:09","date_gmt":"2014-11-09T13:04:09","guid":{"rendered":"http:\/\/www.sana.sy\/tr\/?p=15119"},"modified":"2014-11-10T14:10:54","modified_gmt":"2014-11-10T12:10:54","slug":"el-esad-22-ve-23-sayili-kanunnameleri-onayladi","status":"publish","type":"post","link":"https:\/\/archive.sana.sy\/tr\/?p=15119","title":{"rendered":"El Esad 22 ve 23 Say\u0131l\u0131 Kanunnameleri Onaylad\u0131"},"content":{"rendered":"<p>\u015eAM \u2013 Cumhurba\u015fkan\u0131 Be\u015f\u015far el Esad bug\u00fcn yeminli terc\u00fcman mesle\u011fini organize eden 2014\/22 say\u0131l\u0131 kanunnameyi onaylad\u0131.<\/p>\n<p>El Esad bug\u00fcn ayn\u0131 zamanda belediye har\u00e7lar\u0131 cezalar\u0131, in\u015faat har\u00e7lar\u0131 cezalar\u0131, temizlik harc\u0131 cezalar\u0131, belediye vergileri cezalar\u0131, kent ve organize sanayi b\u00f6lgelerinde parsel taksit cezalar\u0131, kira ve yat\u0131r\u0131m cezalar\u0131ndan muaf tutulmay\u0131 \u00f6ng\u00f6ren 2014\/23 say\u0131l\u0131 kanunnameyi onaylad\u0131.<\/p>\n<p>23 say\u0131l\u0131 kanunname s\u00f6z konusu vergi ve har\u00e7 bor\u00e7lar\u0131n\u0131n bu y\u0131l\u0131n sonu 31-12-2014 tarihine dek \u00f6denmesini ko\u015ful k\u0131l\u0131yor.<\/p>\n","protected":false},"excerpt":{"rendered":"<p>\u015eAM \u2013 Cumhurba\u015fkan\u0131 Be\u015f\u015far el Esad bug\u00fcn yeminli terc\u00fcman mesle\u011fini organize eden 2014\/22 say\u0131l\u0131 kanunnameyi onaylad\u0131. El Esad bug\u00fcn ayn\u0131 zamanda belediye har\u00e7lar\u0131 cezalar\u0131, in\u015faat har\u00e7lar\u0131 cezalar\u0131, temizlik harc\u0131 cezalar\u0131, belediye vergileri cezalar\u0131, kent ve organize sanayi b\u00f6lgelerinde parsel taksit cezalar\u0131, kira ve yat\u0131r\u0131m cezalar\u0131ndan muaf tutulmay\u0131 \u00f6ng\u00f6ren 2014\/23 say\u0131l\u0131 kanunnameyi onaylad\u0131. 23 say\u0131l\u0131 kanunname &hellip;<\/p>\n","protected":false},"author":1,"featured_media":13324,"comment_status":"closed","ping_status":"closed","sticky":false,"template":"","format":"standard","meta":{"footnotes":""},"categories":[479,605,612,599,478],"tags":[5406,5403,5404,5407,5408,5405],"class_list":["post-15119","post","type-post","status-publish","format-standard","has-post-thumbnail","","category-haberler-yerel","category-sayin-cumhurbaskani","category-yasama-kararnameler","category-yasama-ve-kanunlar","category-yerel","tag-belediye-vergileri-cezalari","tag-el-esad-22-ve-23-sayili-kanunnameleri-onayladi-sam-cumhurbaskani-bessar-el-esad-bugun-yeminli-tercuman-meslegini-organize-eden-201422-sayili-kanunnameyi-onayladi-el-esad-bugun-ayni-zamanda","tag-insaat-harclari-cezalari","tag-kent-ve-organize-sanayi-bolgelerinde-parsel-taksit-cezalari","tag-kira-ve-yatirim-cezalarindan-muaf-tutulmayi-ongoren-201423-sayili-kanunnameyi-onayladi-23-sayili-kanunname-soz-konusu-vergi-ve-harc-borclarinin-bu-yilin-sonu-31-12-2014-tarihine-dek-odenmesini-kosul","tag-temizlik-harci-cezalari"],"_links":{"self":[{"href":"https:\/\/archive.sana.sy\/tr\/index.php?rest_route=\/wp\/v2\/posts\/15119","targetHints":{"allow":["GET"]}}],"collection":[{"href":"https:\/\/archive.sana.sy\/tr\/index.php?rest_route=\/wp\/v2\/posts"}],"about":[{"href":"https:\/\/archive.sana.sy\/tr\/index.php?rest_route=\/wp\/v2\/types\/post"}],"author":[{"embeddable":true,"href":"https:\/\/archive.sana.sy\/tr\/index.php?rest_route=\/wp\/v2\/users\/1"}],"replies":[{"embeddable":true,"href":"https:\/\/archive.sana.sy\/tr\/index.php?rest_route=%2Fwp%2Fv2%2Fcomments&post=15119"}],"version-history":[{"count":0,"href":"https:\/\/archive.sana.sy\/tr\/index.php?rest_route=\/wp\/v2\/posts\/15119\/revisions"}],"wp:featuredmedia":[{"embeddable":true,"href":"https:\/\/archive.sana.sy\/tr\/index.php?rest_route=\/wp\/v2\/media\/13324"}],"wp:attachment":[{"href":"https:\/\/archive.sana.sy\/tr\/index.php?rest_route=%2Fwp%2Fv2%2Fmedia&parent=15119"}],"wp:term":[{"taxonomy":"category","embeddable":true,"href":"https:\/\/archive.sana.sy\/tr\/index.php?rest_route=%2Fwp%2Fv2%2Fcategories&post=15119"},{"taxonomy":"post_tag","embeddable":true,"href":"https:\/\/archive.sana.sy\/tr\/index.php?rest_route=%2Fwp%2Fv2%2Ftags&post=15119"}],"curies":[{"name":"wp","href":"https:\/\/api.w.org\/{rel}","templated":true}]}}