{"id":151226,"date":"2018-06-05T16:26:08","date_gmt":"2018-06-05T13:26:08","guid":{"rendered":"https:\/\/www.sana.sy\/tr\/?p=151226"},"modified":"2018-06-05T16:26:08","modified_gmt":"2018-06-05T13:26:08","slug":"disisleri-ve-gurbetciler-bakanligi-uluslar-arasi-kanunlar-ve-mesruluga-aykiri-olarak-abd-komutasinda-teskil-edilen-uluslar-arasi-koalisyon-guclerinin-suriyeli-masum-vatandaslar-ve-suriyenin-egemenli","status":"publish","type":"post","link":"https:\/\/archive.sana.sy\/tr\/?p=151226","title":{"rendered":"D\u0131\u015fi\u015fleri ve Gurbet\u00e7iler Bakanl\u0131\u011f\u0131 uluslar aras\u0131 kanunlar ve me\u015frulu\u011fa ayk\u0131r\u0131 olarak ABD komutas\u0131nda te\u015fkil edilen uluslar aras\u0131 koalisyon g\u00fc\u00e7lerinin Suriyeli masum vatanda\u015flar ve Suriye&#8217;nin egemenli\u011fine kar\u015f\u0131 tekrarlad\u0131\u011f\u0131 sald\u0131r\u0131lar konusunda Birle\u015fmi\u015f Milletler genel sekreteri ve G\u00fcvenlik Konseyi ba\u015fkan\u0131na e\u015f iki resmi mektup g\u00f6nderdi"},"content":{"rendered":"<p>D\u0131\u015fi\u015fleri ve Gurbet\u00e7iler Bakanl\u0131\u011f\u0131 uluslar aras\u0131 kanunlar ve me\u015frulu\u011fa ayk\u0131r\u0131 olarak ABD komutas\u0131nda te\u015fkil edilen uluslar aras\u0131 koalisyon g\u00fc\u00e7lerinin Suriyeli masum vatanda\u015flar ve Suriye&#8217;nin egemenli\u011fine kar\u015f\u0131 tekrarlad\u0131\u011f\u0131 sald\u0131r\u0131lar konusunda Birle\u015fmi\u015f Milletler genel sekreteri ve G\u00fcvenlik Konseyi ba\u015fkan\u0131na e\u015f iki resmi mektup g\u00f6nderdi<\/p>\n","protected":false},"excerpt":{"rendered":"<p>D\u0131\u015fi\u015fleri ve Gurbet\u00e7iler Bakanl\u0131\u011f\u0131 uluslar aras\u0131 kanunlar ve me\u015frulu\u011fa ayk\u0131r\u0131 olarak ABD komutas\u0131nda te\u015fkil edilen uluslar aras\u0131 koalisyon g\u00fc\u00e7lerinin Suriyeli masum vatanda\u015flar ve Suriye&#8217;nin egemenli\u011fine kar\u015f\u0131 tekrarlad\u0131\u011f\u0131 sald\u0131r\u0131lar konusunda Birle\u015fmi\u015f Milletler genel sekreteri ve G\u00fcvenlik Konseyi ba\u015fkan\u0131na e\u015f iki resmi mektup g\u00f6nderdi<\/p>\n","protected":false},"author":1,"featured_media":0,"comment_status":"closed","ping_status":"closed","sticky":false,"template":"","format":"standard","meta":{"footnotes":""},"categories":[17991],"tags":[],"class_list":["post-151226","post","type-post","status-publish","format-standard","","category-son-dakika"],"_links":{"self":[{"href":"https:\/\/archive.sana.sy\/tr\/index.php?rest_route=\/wp\/v2\/posts\/151226","targetHints":{"allow":["GET"]}}],"collection":[{"href":"https:\/\/archive.sana.sy\/tr\/index.php?rest_route=\/wp\/v2\/posts"}],"about":[{"href":"https:\/\/archive.sana.sy\/tr\/index.php?rest_route=\/wp\/v2\/types\/post"}],"author":[{"embeddable":true,"href":"https:\/\/archive.sana.sy\/tr\/index.php?rest_route=\/wp\/v2\/users\/1"}],"replies":[{"embeddable":true,"href":"https:\/\/archive.sana.sy\/tr\/index.php?rest_route=%2Fwp%2Fv2%2Fcomments&post=151226"}],"version-history":[{"count":0,"href":"https:\/\/archive.sana.sy\/tr\/index.php?rest_route=\/wp\/v2\/posts\/151226\/revisions"}],"wp:attachment":[{"href":"https:\/\/archive.sana.sy\/tr\/index.php?rest_route=%2Fwp%2Fv2%2Fmedia&parent=151226"}],"wp:term":[{"taxonomy":"category","embeddable":true,"href":"https:\/\/archive.sana.sy\/tr\/index.php?rest_route=%2Fwp%2Fv2%2Fcategories&post=151226"},{"taxonomy":"post_tag","embeddable":true,"href":"https:\/\/archive.sana.sy\/tr\/index.php?rest_route=%2Fwp%2Fv2%2Ftags&post=151226"}],"curies":[{"name":"wp","href":"https:\/\/api.w.org\/{rel}","templated":true}]}}