{"id":151255,"date":"2018-06-05T16:27:32","date_gmt":"2018-06-05T13:27:32","guid":{"rendered":"https:\/\/www.sana.sy\/tr\/?p=151255"},"modified":"2018-06-05T16:28:08","modified_gmt":"2018-06-05T13:28:08","slug":"bakanlik-bm-ve-bmgk-arsivlerinde-resmi-bir-belge-niteligi-tasiyan-mektubunda-abd-komutasindaki-koalisyon-guclerinin-saldirilari-sonucunda-aralarinda-cocuk-kadin-ve-yaslilarin-bulundugu-yuksek-sayida","status":"publish","type":"post","link":"https:\/\/archive.sana.sy\/tr\/?p=151255","title":{"rendered":"Bakanl\u0131k BM ve BMGK ar\u015fivlerinde resmi bir belge niteli\u011fi ta\u015f\u0131yan mektubunda; ABD komutas\u0131ndaki koalisyon g\u00fc\u00e7lerinin sald\u0131r\u0131lar\u0131 sonucunda aralar\u0131nda \u00e7ocuk, kad\u0131n ve ya\u015fl\u0131lar\u0131n bulundu\u011fu y\u00fcksek say\u0131da masum sivil vatanda\u015f\u0131n \u015fehit d\u00fc\u015ft\u00fc\u011f\u00fcne dikkat \u00e7ekti."},"content":{"rendered":"<p>Bakanl\u0131k BM ve BMGK ar\u015fivlerinde resmi bir belge niteli\u011fi ta\u015f\u0131yan mektubunda; ABD komutas\u0131ndaki koalisyon g\u00fc\u00e7lerinin sald\u0131r\u0131lar\u0131 sonucunda aralar\u0131nda \u00e7ocuk, kad\u0131n ve ya\u015fl\u0131lar\u0131n bulundu\u011fu y\u00fcksek say\u0131da masum sivil vatanda\u015f\u0131n \u015fehit d\u00fc\u015ft\u00fc\u011f\u00fcne dikkat \u00e7ekti.<\/p>\n","protected":false},"excerpt":{"rendered":"<p>Bakanl\u0131k BM ve BMGK ar\u015fivlerinde resmi bir belge niteli\u011fi ta\u015f\u0131yan mektubunda; ABD komutas\u0131ndaki koalisyon g\u00fc\u00e7lerinin sald\u0131r\u0131lar\u0131 sonucunda aralar\u0131nda \u00e7ocuk, kad\u0131n ve ya\u015fl\u0131lar\u0131n bulundu\u011fu y\u00fcksek say\u0131da masum sivil vatanda\u015f\u0131n \u015fehit d\u00fc\u015ft\u00fc\u011f\u00fcne dikkat \u00e7ekti.<\/p>\n","protected":false},"author":1,"featured_media":0,"comment_status":"closed","ping_status":"closed","sticky":false,"template":"","format":"standard","meta":{"footnotes":""},"categories":[17991],"tags":[],"class_list":["post-151255","post","type-post","status-publish","format-standard","","category-son-dakika"],"_links":{"self":[{"href":"https:\/\/archive.sana.sy\/tr\/index.php?rest_route=\/wp\/v2\/posts\/151255","targetHints":{"allow":["GET"]}}],"collection":[{"href":"https:\/\/archive.sana.sy\/tr\/index.php?rest_route=\/wp\/v2\/posts"}],"about":[{"href":"https:\/\/archive.sana.sy\/tr\/index.php?rest_route=\/wp\/v2\/types\/post"}],"author":[{"embeddable":true,"href":"https:\/\/archive.sana.sy\/tr\/index.php?rest_route=\/wp\/v2\/users\/1"}],"replies":[{"embeddable":true,"href":"https:\/\/archive.sana.sy\/tr\/index.php?rest_route=%2Fwp%2Fv2%2Fcomments&post=151255"}],"version-history":[{"count":0,"href":"https:\/\/archive.sana.sy\/tr\/index.php?rest_route=\/wp\/v2\/posts\/151255\/revisions"}],"wp:attachment":[{"href":"https:\/\/archive.sana.sy\/tr\/index.php?rest_route=%2Fwp%2Fv2%2Fmedia&parent=151255"}],"wp:term":[{"taxonomy":"category","embeddable":true,"href":"https:\/\/archive.sana.sy\/tr\/index.php?rest_route=%2Fwp%2Fv2%2Fcategories&post=151255"},{"taxonomy":"post_tag","embeddable":true,"href":"https:\/\/archive.sana.sy\/tr\/index.php?rest_route=%2Fwp%2Fv2%2Ftags&post=151255"}],"curies":[{"name":"wp","href":"https:\/\/api.w.org\/{rel}","templated":true}]}}