{"id":151257,"date":"2018-06-05T16:30:50","date_gmt":"2018-06-05T13:30:50","guid":{"rendered":"https:\/\/www.sana.sy\/tr\/?p=151257"},"modified":"2018-06-05T16:30:06","modified_gmt":"2018-06-05T13:30:06","slug":"abd-ve-koalisyonunun-iside-karsi-savustugunu-iddia-edip-uluslar-arasi-kamuoyunu-kandirdigina-dikkat-ceken-bakanlik-bu-saldirilarinin-suriyenin-egemenligi-ve-bagimsizliginin-yani-sira-topra","status":"publish","type":"post","link":"https:\/\/archive.sana.sy\/tr\/?p=151257","title":{"rendered":"ABD ve koalisyonunun I\u015e\u0130D\u2019e kar\u015f\u0131 savu\u015ftu\u011funu iddia edip uluslar aras\u0131 kamuoyunu kand\u0131rd\u0131\u011f\u0131na dikkat \u00e7eken bakanl\u0131k; bu sald\u0131r\u0131lar\u0131n\u0131n Suriye&#8217;nin egemenli\u011fi ve ba\u011f\u0131ms\u0131zl\u0131\u011f\u0131n\u0131n yan\u0131 s\u0131ra toprak b\u00fct\u00fcnl\u00fc\u011f\u00fc ve halk\u0131n\u0131n selametine b\u00fcy\u00fck bir tehlike olu\u015fturdu\u011funun alt\u0131n\u0131 \u00e7izdi."},"content":{"rendered":"<p>ABD ve koalisyonunun I\u015e\u0130D\u2019e kar\u015f\u0131 savu\u015ftu\u011funu iddia edip uluslar aras\u0131 kamuoyunu kand\u0131rd\u0131\u011f\u0131na dikkat \u00e7eken bakanl\u0131k; bu sald\u0131r\u0131lar\u0131n\u0131n Suriye&#8217;nin egemenli\u011fi ve ba\u011f\u0131ms\u0131zl\u0131\u011f\u0131n\u0131n yan\u0131 s\u0131ra toprak b\u00fct\u00fcnl\u00fc\u011f\u00fc ve halk\u0131n\u0131n selametine b\u00fcy\u00fck bir tehlike olu\u015fturdu\u011funun alt\u0131n\u0131 \u00e7izdi.<\/p>\n","protected":false},"excerpt":{"rendered":"<p>ABD ve koalisyonunun I\u015e\u0130D\u2019e kar\u015f\u0131 savu\u015ftu\u011funu iddia edip uluslar aras\u0131 kamuoyunu kand\u0131rd\u0131\u011f\u0131na dikkat \u00e7eken bakanl\u0131k; bu sald\u0131r\u0131lar\u0131n\u0131n Suriye&#8217;nin egemenli\u011fi ve ba\u011f\u0131ms\u0131zl\u0131\u011f\u0131n\u0131n yan\u0131 s\u0131ra toprak b\u00fct\u00fcnl\u00fc\u011f\u00fc ve halk\u0131n\u0131n selametine b\u00fcy\u00fck bir tehlike olu\u015fturdu\u011funun alt\u0131n\u0131 \u00e7izdi.<\/p>\n","protected":false},"author":1,"featured_media":0,"comment_status":"closed","ping_status":"closed","sticky":false,"template":"","format":"standard","meta":{"footnotes":""},"categories":[17991],"tags":[],"class_list":["post-151257","post","type-post","status-publish","format-standard","","category-son-dakika"],"_links":{"self":[{"href":"https:\/\/archive.sana.sy\/tr\/index.php?rest_route=\/wp\/v2\/posts\/151257","targetHints":{"allow":["GET"]}}],"collection":[{"href":"https:\/\/archive.sana.sy\/tr\/index.php?rest_route=\/wp\/v2\/posts"}],"about":[{"href":"https:\/\/archive.sana.sy\/tr\/index.php?rest_route=\/wp\/v2\/types\/post"}],"author":[{"embeddable":true,"href":"https:\/\/archive.sana.sy\/tr\/index.php?rest_route=\/wp\/v2\/users\/1"}],"replies":[{"embeddable":true,"href":"https:\/\/archive.sana.sy\/tr\/index.php?rest_route=%2Fwp%2Fv2%2Fcomments&post=151257"}],"version-history":[{"count":0,"href":"https:\/\/archive.sana.sy\/tr\/index.php?rest_route=\/wp\/v2\/posts\/151257\/revisions"}],"wp:attachment":[{"href":"https:\/\/archive.sana.sy\/tr\/index.php?rest_route=%2Fwp%2Fv2%2Fmedia&parent=151257"}],"wp:term":[{"taxonomy":"category","embeddable":true,"href":"https:\/\/archive.sana.sy\/tr\/index.php?rest_route=%2Fwp%2Fv2%2Fcategories&post=151257"},{"taxonomy":"post_tag","embeddable":true,"href":"https:\/\/archive.sana.sy\/tr\/index.php?rest_route=%2Fwp%2Fv2%2Ftags&post=151257"}],"curies":[{"name":"wp","href":"https:\/\/api.w.org\/{rel}","templated":true}]}}