{"id":151259,"date":"2018-06-05T16:34:55","date_gmt":"2018-06-05T13:34:55","guid":{"rendered":"https:\/\/www.sana.sy\/tr\/?p=151259"},"modified":"2018-06-05T16:33:09","modified_gmt":"2018-06-05T13:33:09","slug":"gayri-mesru-bu-koalisyon-guclerinin-son-gunlerde-haseke-deyrezzor-ve-rakka-kirsallarinda-sivilleri-hedef-alan-vahsi-bombardimanlarina-isik-tutan-bakanlik-bu-saldirilarin-abdnin-edatlari-ola","status":"publish","type":"post","link":"https:\/\/archive.sana.sy\/tr\/?p=151259","title":{"rendered":"Gayr\u0131 me\u015fru bu koalisyon g\u00fc\u00e7lerinin son g\u00fcnlerde Haseke, Deyrezzor ve Rakka k\u0131rsallar\u0131nda sivilleri hedef alan vah\u015fi bombard\u0131manlar\u0131na \u0131\u015f\u0131k tutan bakanl\u0131k; bu sald\u0131r\u0131lar\u0131n ABD\u2019nin edatlar\u0131 olan b\u00f6l\u00fcc\u00fc \u2018Demokratik Suriye G\u00fc\u00e7lerinin\u2019 saflar\u0131na kat\u0131lmay\u0131 reddeden b\u00f6lge halk\u0131n\u0131 cezaland\u0131rma ama\u00e7l\u0131 oldu\u011funu vurgulad\u0131."},"content":{"rendered":"<p>Gayr\u0131 me\u015fru bu koalisyon g\u00fc\u00e7lerinin son g\u00fcnlerde Haseke, Deyrezzor ve Rakka k\u0131rsallar\u0131nda sivilleri hedef alan vah\u015fi bombard\u0131manlar\u0131na \u0131\u015f\u0131k tutan bakanl\u0131k; bu sald\u0131r\u0131lar\u0131n ABD\u2019nin edatlar\u0131 olan b\u00f6l\u00fcc\u00fc \u2018Demokratik Suriye G\u00fc\u00e7lerinin\u2019 saflar\u0131na kat\u0131lmay\u0131 reddeden b\u00f6lge halk\u0131n\u0131 cezaland\u0131rma ama\u00e7l\u0131 oldu\u011funu vurgulad\u0131.<\/p>\n","protected":false},"excerpt":{"rendered":"<p>Gayr\u0131 me\u015fru bu koalisyon g\u00fc\u00e7lerinin son g\u00fcnlerde Haseke, Deyrezzor ve Rakka k\u0131rsallar\u0131nda sivilleri hedef alan vah\u015fi bombard\u0131manlar\u0131na \u0131\u015f\u0131k tutan bakanl\u0131k; bu sald\u0131r\u0131lar\u0131n ABD\u2019nin edatlar\u0131 olan b\u00f6l\u00fcc\u00fc \u2018Demokratik Suriye G\u00fc\u00e7lerinin\u2019 saflar\u0131na kat\u0131lmay\u0131 reddeden b\u00f6lge halk\u0131n\u0131 cezaland\u0131rma ama\u00e7l\u0131 oldu\u011funu vurgulad\u0131.<\/p>\n","protected":false},"author":1,"featured_media":0,"comment_status":"closed","ping_status":"closed","sticky":false,"template":"","format":"standard","meta":{"footnotes":""},"categories":[17991],"tags":[],"class_list":["post-151259","post","type-post","status-publish","format-standard","","category-son-dakika"],"_links":{"self":[{"href":"https:\/\/archive.sana.sy\/tr\/index.php?rest_route=\/wp\/v2\/posts\/151259","targetHints":{"allow":["GET"]}}],"collection":[{"href":"https:\/\/archive.sana.sy\/tr\/index.php?rest_route=\/wp\/v2\/posts"}],"about":[{"href":"https:\/\/archive.sana.sy\/tr\/index.php?rest_route=\/wp\/v2\/types\/post"}],"author":[{"embeddable":true,"href":"https:\/\/archive.sana.sy\/tr\/index.php?rest_route=\/wp\/v2\/users\/1"}],"replies":[{"embeddable":true,"href":"https:\/\/archive.sana.sy\/tr\/index.php?rest_route=%2Fwp%2Fv2%2Fcomments&post=151259"}],"version-history":[{"count":0,"href":"https:\/\/archive.sana.sy\/tr\/index.php?rest_route=\/wp\/v2\/posts\/151259\/revisions"}],"wp:attachment":[{"href":"https:\/\/archive.sana.sy\/tr\/index.php?rest_route=%2Fwp%2Fv2%2Fmedia&parent=151259"}],"wp:term":[{"taxonomy":"category","embeddable":true,"href":"https:\/\/archive.sana.sy\/tr\/index.php?rest_route=%2Fwp%2Fv2%2Fcategories&post=151259"},{"taxonomy":"post_tag","embeddable":true,"href":"https:\/\/archive.sana.sy\/tr\/index.php?rest_route=%2Fwp%2Fv2%2Ftags&post=151259"}],"curies":[{"name":"wp","href":"https:\/\/api.w.org\/{rel}","templated":true}]}}