{"id":151261,"date":"2018-06-05T16:38:38","date_gmt":"2018-06-05T13:38:38","guid":{"rendered":"https:\/\/www.sana.sy\/tr\/?p=151261"},"modified":"2018-06-05T16:36:54","modified_gmt":"2018-06-05T13:36:54","slug":"bakanlik-abd-ve-koalisyonunun-suriye-ve-halkina-karsi-savas-ve-insanliga-karsi-suclar-islemeye-devam-ederek-terore-desteklerini-surdurduklerini-ifade-ederken-tum-bunlardan-amacin-suriyenin-egemenli","status":"publish","type":"post","link":"https:\/\/archive.sana.sy\/tr\/?p=151261","title":{"rendered":"Bakanl\u0131k ABD ve koalisyonunun Suriye ve halk\u0131na kar\u015f\u0131 sava\u015f ve insanl\u0131\u011fa kar\u015f\u0131 su\u00e7lar i\u015flemeye devam ederek ter\u00f6re desteklerini s\u00fcrd\u00fcrd\u00fcklerini ifade ederken, t\u00fcm bunlardan amac\u0131n Suriye&#8217;nin egemenli\u011fini ve toprak b\u00fct\u00fcnl\u00fc\u011f\u00fcn\u00fc sabote edip sava\u015f\u0131n daha uzun s\u00fcrmesi sa\u011flamak oldu\u011funu kaydetti."},"content":{"rendered":"<p>Bakanl\u0131k ABD ve koalisyonunun Suriye ve halk\u0131na kar\u015f\u0131 sava\u015f ve insanl\u0131\u011fa kar\u015f\u0131 su\u00e7lar i\u015flemeye devam ederek ter\u00f6re desteklerini s\u00fcrd\u00fcrd\u00fcklerini ifade ederken, t\u00fcm bunlardan amac\u0131n Suriye&#8217;nin egemenli\u011fini ve toprak b\u00fct\u00fcnl\u00fc\u011f\u00fcn\u00fc sabote edip sava\u015f\u0131n daha uzun s\u00fcrmesi sa\u011flamak oldu\u011funu kaydetti.<\/p>\n","protected":false},"excerpt":{"rendered":"<p>Bakanl\u0131k ABD ve koalisyonunun Suriye ve halk\u0131na kar\u015f\u0131 sava\u015f ve insanl\u0131\u011fa kar\u015f\u0131 su\u00e7lar i\u015flemeye devam ederek ter\u00f6re desteklerini s\u00fcrd\u00fcrd\u00fcklerini ifade ederken, t\u00fcm bunlardan amac\u0131n Suriye&#8217;nin egemenli\u011fini ve toprak b\u00fct\u00fcnl\u00fc\u011f\u00fcn\u00fc sabote edip sava\u015f\u0131n daha uzun s\u00fcrmesi sa\u011flamak oldu\u011funu kaydetti.<\/p>\n","protected":false},"author":1,"featured_media":0,"comment_status":"closed","ping_status":"closed","sticky":false,"template":"","format":"standard","meta":{"footnotes":""},"categories":[17991],"tags":[],"class_list":["post-151261","post","type-post","status-publish","format-standard","","category-son-dakika"],"_links":{"self":[{"href":"https:\/\/archive.sana.sy\/tr\/index.php?rest_route=\/wp\/v2\/posts\/151261","targetHints":{"allow":["GET"]}}],"collection":[{"href":"https:\/\/archive.sana.sy\/tr\/index.php?rest_route=\/wp\/v2\/posts"}],"about":[{"href":"https:\/\/archive.sana.sy\/tr\/index.php?rest_route=\/wp\/v2\/types\/post"}],"author":[{"embeddable":true,"href":"https:\/\/archive.sana.sy\/tr\/index.php?rest_route=\/wp\/v2\/users\/1"}],"replies":[{"embeddable":true,"href":"https:\/\/archive.sana.sy\/tr\/index.php?rest_route=%2Fwp%2Fv2%2Fcomments&post=151261"}],"version-history":[{"count":0,"href":"https:\/\/archive.sana.sy\/tr\/index.php?rest_route=\/wp\/v2\/posts\/151261\/revisions"}],"wp:attachment":[{"href":"https:\/\/archive.sana.sy\/tr\/index.php?rest_route=%2Fwp%2Fv2%2Fmedia&parent=151261"}],"wp:term":[{"taxonomy":"category","embeddable":true,"href":"https:\/\/archive.sana.sy\/tr\/index.php?rest_route=%2Fwp%2Fv2%2Fcategories&post=151261"},{"taxonomy":"post_tag","embeddable":true,"href":"https:\/\/archive.sana.sy\/tr\/index.php?rest_route=%2Fwp%2Fv2%2Ftags&post=151261"}],"curies":[{"name":"wp","href":"https:\/\/api.w.org\/{rel}","templated":true}]}}