{"id":151263,"date":"2018-06-05T16:40:20","date_gmt":"2018-06-05T13:40:20","guid":{"rendered":"https:\/\/www.sana.sy\/tr\/?p=151263"},"modified":"2018-06-05T16:38:48","modified_gmt":"2018-06-05T13:38:48","slug":"suriyenin-bm-ve-bmgkden-gorev-ve-sorumluluklarini-tarafsiz-ve-ciddi-bir-sekilde-ustlenmesini-bir-kez-daha-talep-ettiginin-altini-cizen-bakanlik-abd-ve-koalisyonunun-suriye-ve-halkina-karsi","status":"publish","type":"post","link":"https:\/\/archive.sana.sy\/tr\/?p=151263","title":{"rendered":"Suriye&#8217;nin BM ve BMGK\u2019den g\u00f6rev ve sorumluluklar\u0131n\u0131 tarafs\u0131z ve ciddi bir \u015fekilde \u00fcstlenmesini bir kez daha talep etti\u011finin alt\u0131n\u0131 \u00e7izen bakanl\u0131k; ABD ve koalisyonunun Suriye ve halk\u0131na kar\u015f\u0131 bu vah\u015fet dolu katliamlar\u0131na derhal s\u0131n\u0131r koymak i\u00e7in acil ve etkin icraatlar almas\u0131 gerekti\u011fini vurgulad\u0131."},"content":{"rendered":"<p>Suriye&#8217;nin BM ve BMGK\u2019den g\u00f6rev ve sorumluluklar\u0131n\u0131 tarafs\u0131z ve ciddi bir \u015fekilde \u00fcstlenmesini bir kez daha talep etti\u011finin alt\u0131n\u0131 \u00e7izen bakanl\u0131k; ABD ve koalisyonunun Suriye ve halk\u0131na kar\u015f\u0131 bu vah\u015fet dolu katliamlar\u0131na derhal s\u0131n\u0131r koymak i\u00e7in acil ve etkin icraatlar almas\u0131 gerekti\u011fini vurgulad\u0131.<\/p>\n","protected":false},"excerpt":{"rendered":"<p>Suriye&#8217;nin BM ve BMGK\u2019den g\u00f6rev ve sorumluluklar\u0131n\u0131 tarafs\u0131z ve ciddi bir \u015fekilde \u00fcstlenmesini bir kez daha talep etti\u011finin alt\u0131n\u0131 \u00e7izen bakanl\u0131k; ABD ve koalisyonunun Suriye ve halk\u0131na kar\u015f\u0131 bu vah\u015fet dolu katliamlar\u0131na derhal s\u0131n\u0131r koymak i\u00e7in acil ve etkin icraatlar almas\u0131 gerekti\u011fini vurgulad\u0131.<\/p>\n","protected":false},"author":1,"featured_media":0,"comment_status":"closed","ping_status":"closed","sticky":false,"template":"","format":"standard","meta":{"footnotes":""},"categories":[17991],"tags":[],"class_list":["post-151263","post","type-post","status-publish","format-standard","","category-son-dakika"],"_links":{"self":[{"href":"https:\/\/archive.sana.sy\/tr\/index.php?rest_route=\/wp\/v2\/posts\/151263","targetHints":{"allow":["GET"]}}],"collection":[{"href":"https:\/\/archive.sana.sy\/tr\/index.php?rest_route=\/wp\/v2\/posts"}],"about":[{"href":"https:\/\/archive.sana.sy\/tr\/index.php?rest_route=\/wp\/v2\/types\/post"}],"author":[{"embeddable":true,"href":"https:\/\/archive.sana.sy\/tr\/index.php?rest_route=\/wp\/v2\/users\/1"}],"replies":[{"embeddable":true,"href":"https:\/\/archive.sana.sy\/tr\/index.php?rest_route=%2Fwp%2Fv2%2Fcomments&post=151263"}],"version-history":[{"count":0,"href":"https:\/\/archive.sana.sy\/tr\/index.php?rest_route=\/wp\/v2\/posts\/151263\/revisions"}],"wp:attachment":[{"href":"https:\/\/archive.sana.sy\/tr\/index.php?rest_route=%2Fwp%2Fv2%2Fmedia&parent=151263"}],"wp:term":[{"taxonomy":"category","embeddable":true,"href":"https:\/\/archive.sana.sy\/tr\/index.php?rest_route=%2Fwp%2Fv2%2Fcategories&post=151263"},{"taxonomy":"post_tag","embeddable":true,"href":"https:\/\/archive.sana.sy\/tr\/index.php?rest_route=%2Fwp%2Fv2%2Ftags&post=151263"}],"curies":[{"name":"wp","href":"https:\/\/api.w.org\/{rel}","templated":true}]}}