{"id":151283,"date":"2018-06-06T12:00:08","date_gmt":"2018-06-06T09:00:08","guid":{"rendered":"https:\/\/www.sana.sy\/tr\/?p=151283"},"modified":"2018-06-07T13:21:57","modified_gmt":"2018-06-07T10:21:57","slug":"teroristlerin-suriyedeki-planlari-cokertildi","status":"publish","type":"post","link":"https:\/\/archive.sana.sy\/tr\/?p=151283","title":{"rendered":"Ter\u00f6ristlerin Suriye&#8217;deki Planlar\u0131 \u00c7\u00f6kertildi"},"content":{"rendered":"<p>MOSKOVA \u2013 Rusya Savunma Bakan\u0131 Sergei Shoygu ter\u00f6ristlerin Suriye&#8217;deki planlar\u0131n\u0131n \u00e7\u00f6kertildi\u011fini belirtirken, Suriye&#8217;de yeniden yap\u0131land\u0131rma s\u00fcrecinin ba\u015flat\u0131lmas\u0131 i\u00e7in ortam\u0131n uygun oldu\u011funu kaydetti.<\/p>\n<p>Ba\u011flant\u0131s\u0131z \u00dclkeler savunma bakanlar\u0131n\u0131n bug\u00fcn d\u00fczenledikleri konferansta konu\u015fan Shoygu; Suriye&#8217;nin b\u00fcy\u00fck \u00e7o\u011funlu\u011funun ter\u00f6rden kurtar\u0131ld\u0131\u011f\u0131na dikkat \u00e7ekti. Shoygu geriye kalan ter\u00f6ristler ile silahlar\u0131n\u0131 b\u0131rakmalar\u0131 i\u00e7in temaslar\u0131n devam etti\u011fini kaydetti.<\/p>\n<p>Radikal ter\u00f6ristlerin sahte hilafet ilan etme planlar\u0131n\u0131n \u00e7\u00f6kertildi\u011fini s\u00f6yleyen Shoygu; siyasi \u00e7\u00f6z\u00fcm\u00fcn sa\u011flanmas\u0131n\u0131n yan\u0131 s\u0131ra Suriye&#8217;nin b\u00f6l\u00fcnmesini engelleme ve b\u00fct\u00fcnl\u00fc\u011f\u00fcn\u00fc koruma ortam\u0131 yarat\u0131ld\u0131\u011f\u0131n\u0131 belirtti.<\/p>\n<p>Rusya Savunma Bakanl\u0131\u011f\u0131 Suriye konusunda ba\u011flant\u0131s\u0131z \u00fclkeler aras\u0131nda i\u015fbirli\u011fi i\u00e7in bir\u00e7ok alan ve konunun bulundu\u011funa dikkat \u00e7ekti.<\/p>\n","protected":false},"excerpt":{"rendered":"<p>MOSKOVA \u2013 Rusya Savunma Bakan\u0131 Sergei Shoygu ter\u00f6ristlerin Suriye&#8217;deki planlar\u0131n\u0131n \u00e7\u00f6kertildi\u011fini belirtirken, Suriye&#8217;de yeniden yap\u0131land\u0131rma s\u00fcrecinin ba\u015flat\u0131lmas\u0131 i\u00e7in ortam\u0131n uygun oldu\u011funu kaydetti. Ba\u011flant\u0131s\u0131z \u00dclkeler savunma bakanlar\u0131n\u0131n bug\u00fcn d\u00fczenledikleri konferansta konu\u015fan Shoygu; Suriye&#8217;nin b\u00fcy\u00fck \u00e7o\u011funlu\u011funun ter\u00f6rden kurtar\u0131ld\u0131\u011f\u0131na dikkat \u00e7ekti. Shoygu geriye kalan ter\u00f6ristler ile silahlar\u0131n\u0131 b\u0131rakmalar\u0131 i\u00e7in temaslar\u0131n devam etti\u011fini kaydetti. Radikal ter\u00f6ristlerin sahte hilafet ilan &hellip;<\/p>\n","protected":false},"author":1,"featured_media":151284,"comment_status":"closed","ping_status":"closed","sticky":false,"template":"","format":"standard","meta":{"footnotes":""},"categories":[458,459,17988],"tags":[16592,32325,36385,36268,16591,25447,22181],"class_list":["post-151283","post","type-post","status-publish","format-standard","has-post-thumbnail","","category-dunya1","category-haberler-arap-uluslararasi-politika","category-son-haberler","tag-rusya","tag-savunma-baknai","tag-sergi-shoygu","tag-soygu","tag-suriye","tag-suriye-savasi","tag-suriyeliler"],"_links":{"self":[{"href":"https:\/\/archive.sana.sy\/tr\/index.php?rest_route=\/wp\/v2\/posts\/151283","targetHints":{"allow":["GET"]}}],"collection":[{"href":"https:\/\/archive.sana.sy\/tr\/index.php?rest_route=\/wp\/v2\/posts"}],"about":[{"href":"https:\/\/archive.sana.sy\/tr\/index.php?rest_route=\/wp\/v2\/types\/post"}],"author":[{"embeddable":true,"href":"https:\/\/archive.sana.sy\/tr\/index.php?rest_route=\/wp\/v2\/users\/1"}],"replies":[{"embeddable":true,"href":"https:\/\/archive.sana.sy\/tr\/index.php?rest_route=%2Fwp%2Fv2%2Fcomments&post=151283"}],"version-history":[{"count":0,"href":"https:\/\/archive.sana.sy\/tr\/index.php?rest_route=\/wp\/v2\/posts\/151283\/revisions"}],"wp:featuredmedia":[{"embeddable":true,"href":"https:\/\/archive.sana.sy\/tr\/index.php?rest_route=\/wp\/v2\/media\/151284"}],"wp:attachment":[{"href":"https:\/\/archive.sana.sy\/tr\/index.php?rest_route=%2Fwp%2Fv2%2Fmedia&parent=151283"}],"wp:term":[{"taxonomy":"category","embeddable":true,"href":"https:\/\/archive.sana.sy\/tr\/index.php?rest_route=%2Fwp%2Fv2%2Fcategories&post=151283"},{"taxonomy":"post_tag","embeddable":true,"href":"https:\/\/archive.sana.sy\/tr\/index.php?rest_route=%2Fwp%2Fv2%2Ftags&post=151283"}],"curies":[{"name":"wp","href":"https:\/\/api.w.org\/{rel}","templated":true}]}}