{"id":151479,"date":"2018-06-09T11:58:00","date_gmt":"2018-06-09T08:58:00","guid":{"rendered":"https:\/\/www.sana.sy\/tr\/?p=151479"},"modified":"2018-06-09T11:58:00","modified_gmt":"2018-06-09T08:58:00","slug":"rusya-savunma-bakanligi-suriyede-isidten-arta-kalan-teroristlerin-sadece-ve-sadece-abd-guclerinin-bulunduklari-bolgelerde-mevcut-kaldiklarini-belirtti","status":"publish","type":"post","link":"https:\/\/archive.sana.sy\/tr\/?p=151479","title":{"rendered":"Rusya Savunma Bakanl\u0131\u011f\u0131 Suriye&#8217;de I\u015e\u0130D\u2019ten arta kalan ter\u00f6ristlerin sadece ve sadece ABD g\u00fc\u00e7lerinin bulunduklar\u0131 b\u00f6lgelerde mevcut kald\u0131klar\u0131n\u0131 belirtti."},"content":{"rendered":"<p>Rusya Savunma Bakanl\u0131\u011f\u0131 Suriye&#8217;de I\u015e\u0130D\u2019ten arta kalan ter\u00f6ristlerin sadece ve sadece ABD g\u00fc\u00e7lerinin bulunduklar\u0131 b\u00f6lgelerde mevcut kald\u0131klar\u0131n\u0131 belirtti.<\/p>\n","protected":false},"excerpt":{"rendered":"<p>Rusya Savunma Bakanl\u0131\u011f\u0131 Suriye&#8217;de I\u015e\u0130D\u2019ten arta kalan ter\u00f6ristlerin sadece ve sadece ABD g\u00fc\u00e7lerinin bulunduklar\u0131 b\u00f6lgelerde mevcut kald\u0131klar\u0131n\u0131 belirtti.<\/p>\n","protected":false},"author":1,"featured_media":0,"comment_status":"closed","ping_status":"closed","sticky":false,"template":"","format":"standard","meta":{"footnotes":""},"categories":[17991],"tags":[],"class_list":["post-151479","post","type-post","status-publish","format-standard","","category-son-dakika"],"_links":{"self":[{"href":"https:\/\/archive.sana.sy\/tr\/index.php?rest_route=\/wp\/v2\/posts\/151479","targetHints":{"allow":["GET"]}}],"collection":[{"href":"https:\/\/archive.sana.sy\/tr\/index.php?rest_route=\/wp\/v2\/posts"}],"about":[{"href":"https:\/\/archive.sana.sy\/tr\/index.php?rest_route=\/wp\/v2\/types\/post"}],"author":[{"embeddable":true,"href":"https:\/\/archive.sana.sy\/tr\/index.php?rest_route=\/wp\/v2\/users\/1"}],"replies":[{"embeddable":true,"href":"https:\/\/archive.sana.sy\/tr\/index.php?rest_route=%2Fwp%2Fv2%2Fcomments&post=151479"}],"version-history":[{"count":0,"href":"https:\/\/archive.sana.sy\/tr\/index.php?rest_route=\/wp\/v2\/posts\/151479\/revisions"}],"wp:attachment":[{"href":"https:\/\/archive.sana.sy\/tr\/index.php?rest_route=%2Fwp%2Fv2%2Fmedia&parent=151479"}],"wp:term":[{"taxonomy":"category","embeddable":true,"href":"https:\/\/archive.sana.sy\/tr\/index.php?rest_route=%2Fwp%2Fv2%2Fcategories&post=151479"},{"taxonomy":"post_tag","embeddable":true,"href":"https:\/\/archive.sana.sy\/tr\/index.php?rest_route=%2Fwp%2Fv2%2Ftags&post=151479"}],"curies":[{"name":"wp","href":"https:\/\/api.w.org\/{rel}","templated":true}]}}