{"id":15149,"date":"2014-11-11T10:00:08","date_gmt":"2014-11-11T08:00:08","guid":{"rendered":"http:\/\/www.sana.sy\/tr\/?p=15149"},"modified":"2014-11-11T18:35:00","modified_gmt":"2014-11-11T16:35:00","slug":"ordu-birliklerimiz-onlarca-teroristi-oldurdu","status":"publish","type":"post","link":"https:\/\/archive.sana.sy\/tr\/?p=15149","title":{"rendered":"Ordu Birliklerimiz Onlarca Ter\u00f6risti \u00d6ld\u00fcrd\u00fc"},"content":{"rendered":"<p>\u0130LLER \u2013 Kahraman ordu birliklerimizin hain ve gaddar ter\u00f6ristlere y\u00f6nelik d\u00fczenledi\u011fi ba\u015far\u0131l\u0131 operasyonlar\u0131n\u0131 s\u00fcrd\u00fcr\u00fcrken aralar\u0131nda I\u015e\u0130D \u00f6rg\u00fct\u00fcnden de ter\u00f6ristlerin bulundu\u011fu \u00e7ok say\u0131da ter\u00f6risti de \u00f6l\u00fc ve yaral\u0131 d\u00fc\u015f\u00fcrd\u00fc.<\/p>\n<p><span style=\"color: #0000ff\">Do\u011fu Guta ve Kalamun Da\u011flar\u0131nda Bir Dizi Operasyonda Onlarca Ter\u00f6rist \u00d6ld\u00fcr\u00fcld\u00fc<\/span><\/p>\n<p>\u015eam K\u0131rsal\u0131n\u0131n Do\u011fu Guta ve Kalamun Da\u011flar\u0131nda ordu birliklerimizin d\u00fczenledi\u011fi bir dizi operasyon sonucunda \u00e7ok say\u0131da ter\u00f6rist \u00f6ld\u00fcr\u00fcld\u00fc aralar\u0131nda 23 mm ayarl\u0131 topun bulundu\u011fu ter\u00f6ristlerin ellerindeki silah ve cephaneyi de imha etti.<\/p>\n<p>SANA saha muhabiri, Duma el Ub B\u00f6lgesinde i\u00e7indeki silah ve cephaneyle birlikte ter\u00f6r h\u00fccrelerinin imha edildi\u011fini operasyonlarda en az 20 ter\u00f6ristin de \u00f6l\u00fc ve yaral\u0131 d\u00fc\u015f\u00fcr\u00fcld\u00fc\u011f\u00fcn\u00fc, \u00f6len ter\u00f6ristler aras\u0131nda Adnan el Dubs ve Halil Dalati adl\u0131 iki ter\u00f6r \u00f6rg\u00fct\u00fc eleba\u015f\u0131n\u0131n bulundu\u011funu s\u00f6yledi.<\/p>\n<p>Arbin Beldesi \u011eubeyr Sahas\u0131 \u00e7evresinde bir ordu birli\u011fimizin d\u00fczenledi\u011fi ba\u015far\u0131l\u0131 operasyonda ise ter\u00f6ristlere ait bir h\u00fccrenin imha edildi\u011fini aralar\u0131nda Sultan el Fevval\u2019\u0131n bulundu\u011fu \u00e7ok say\u0131da ter\u00f6ristin \u00f6ld\u00fcr\u00fcld\u00fc\u011f\u00fcn\u00fc belirtti.<\/p>\n<p>Muhabir, ordu birliklerimizin Harasta\u2019n\u0131n Lise Bulvar\u0131 do\u011fusunda baz\u0131 ter\u00f6ristleri kovalama operasyonu sonucunda baz\u0131 ter\u00f6ristlerin \u00f6l\u00fc ve yaral\u0131 d\u00fc\u015f\u00fcr\u00fcld\u00fcklerini, Cobar\u2019\u0131n do\u011fusundaki Mena\u015fir bulvar\u0131 do\u011fusunda da bir \u00e7ok ter\u00f6ristin \u00f6l\u00fc ve yaral\u0131 d\u00fc\u015f\u00fcrd\u00fcklerini ifade etti.<\/p>\n<p>Do\u011fu Guta\u2019n\u0131n derinliklerinde ise ordu birliklerimiz Bala \u00c7iftliklerindeki ilerleyi\u015flerini s\u00fcrd\u00fcrd\u00fcklerini \u00e7ok say\u0131da ter\u00f6risti \u00f6l\u00fc ve yaral\u0131 d\u00fc\u015f\u00fcrd\u00fcklerini ellerindeki silah, cephane ve te\u00e7hizat\u0131 imha ettiklerini, ayn\u0131 zamanda Harasta Kantara \u00c7iftliklerinde de d\u00fczenledikleri bir dizi operasyon sonucunda baz\u0131 ter\u00f6r h\u00fccrelerinin imha edildi\u011fini i\u00e7indeki ter\u00f6ristlerin de \u00f6ld\u00fcr\u00fcld\u00fc\u011f\u00fcn\u00fc ifade etti.<\/p>\n<p>Kalamun Da\u011flar\u0131nda ise ordu birliklerimiz, ter\u00f6ristlerin Asal el Verd Beldesi da\u011flar\u0131na do\u011fru s\u0131zma giri\u015fimlerini \u00e7\u00f6kerterek \u00e7ok say\u0131da ter\u00f6risti \u00f6l\u00fc ve yaral\u0131 d\u00fc\u015f\u00fcrd\u00fcklerini ellerinde bulunan 23 mm ayar\u0131nda bir u\u00e7aksavar topunu imha ettiklerini, Suriye-L\u00fcbnan s\u0131n\u0131r\u0131ndaki Kara Beldesi da\u011flar\u0131ndaki Zemrani ge\u00e7idi yak\u0131nlar\u0131nda \u00e7ok say\u0131da ter\u00f6risti \u00f6ld\u00fcrd\u00fcklerini vurgulad\u0131.<\/p>\n<p><span style=\"color: #0000ff\">Halep\u2019te \u00c7ok Say\u0131da Ter\u00f6rist \u00d6ld\u00fcr\u00fcld\u00fc<\/span><\/p>\n<p>Askeri kaynak, ordu birliklerimizin Halep ve k\u0131rsal\u0131n\u0131n Leyremun, Handarat, Han Tuman, el Bab, Babis, Kefar Hamra, Anadan, Salihin, Amiriye, Eski Halep, Ramuse, Salahuddin ve Termik Santrali \u00e7evresinde ter\u00f6ristlerin toplanma merkezlerini hedef ald\u0131klar\u0131n\u0131 ve h\u00fccrelerini imha ettiklerini, d\u00fczenlenen operasyonlarda onlarca ter\u00f6ristin \u00f6l\u00fc ve yaral\u0131 d\u00fc\u015f\u00fcr\u00fcld\u00fc\u011f\u00fcn\u00fc belirtti.<\/p>\n<p><span style=\"color: #0000ff\">Lazkiye K\u0131rsal\u0131nda H\u00fccreleri ve Ara\u00e7lar\u0131 \u0130mha Edildi<\/span><\/p>\n<p>Askeri kaynak, ordu birliklerimizin Lazkiye k\u0131rsal\u0131n\u0131n Hulva, \u015eeram, Hadra, Beyt Hamik, Mu\u011fiyriye ve S\u00fckkeriye\u2019de ter\u00f6ristlere ait bir \u00e7ok h\u00fccreyi ve arac\u0131 i\u00e7indeki ter\u00f6ristlerle birlikte etkisiz hale getirdiklerini s\u00f6yledi.<\/p>\n<p><span style=\"color: #0000ff\">Dera K\u0131rsal\u0131nda Yuvalar\u0131 \u0130mha Ediliyor\u200f<\/span><\/p>\n<p><span style=\"color: #000000\">Ordu birliklerimizin Dera k\u0131rsal\u0131 Dael Beldesinde ter\u00f6ristlerin toplanma yerlerini hedef alarak \u00e7ok say\u0131da ter\u00f6risti \u00f6l\u00fc yaral\u0131 d\u00fc\u015f\u00fcrd\u00fcklerini belirten kaynak; Tafas Beldesinde de &#8216;Ubbad el Rahman T\u00fcmeni&#8217; (Rahman\u0131n Kullar\u0131 T\u00fcmeni) \u00f6rg\u00fct\u00fcn\u00fcn mevkilerini imha etmesiyle \u00e7ok say\u0131da ter\u00f6risti \u00f6l\u00fc ve yaral\u0131 d\u00fc\u015f\u00fcrd\u00fcklerini ifade etti.<\/span><\/p>\n<p><span style=\"color: #0000ff\">\u0130dlib K\u0131rsal\u0131nda Nusrac\u0131 Bir\u00e7ok Ter\u00f6r Komutan\u0131 \u00d6ld\u00fcr\u00fcld\u00fc<\/span><\/p>\n<p>Askeri bir kaynak SANA\u2019ya a\u00e7\u0131klamas\u0131nda ordu birliklerimizin \u0130dlib k\u0131rsal\u0131 Han el S\u00fcb\u00fcl B\u00f6lgesinin bat\u0131s\u0131nda Nusra Cephesinin mevkilerini hedef ald\u0131\u011f\u0131n\u0131 belirtti.<\/p>\n<p>Kaynak operasyonlarda aralar\u0131nda ter\u00f6r komutan\u0131 Suudili 9 eleba\u015f\u0131 bulunan ve geneli yabanc\u0131lardan olu\u015fan \u00e7ok say\u0131da ter\u00f6ristin \u00f6l\u00fc yaral\u0131 d\u00fc\u015f\u00fcr\u00fcld\u00fc\u011f\u00fcn\u00fc, a\u011f\u0131r makineli silahlarla donat\u0131lm\u0131\u015f bir\u00e7ok ara\u00e7lar\u0131n\u0131n da imha edildi\u011fini aktard\u0131.<\/p>\n<p>Askeri kaynak, ordu birliklerimizin \u0130dlib k\u0131rsal\u0131 Han el Subul\u2019de ter\u00f6ristlere ait bir askeri kamplar\u0131 ile beraber, Maar Debse ve Han \u015eeyhun\u2019da i\u00e7indeki ter\u00f6ristlerle birlikte bir ka\u00e7 h\u00fccrenin, Mutabaa\u2019da bir ara\u00e7lar\u0131n\u0131n etkisiz hale getirildi\u011fini, Habit\u2019te de \u00e7ok say\u0131da ter\u00f6ristin \u00f6ld\u00fcr\u00fcld\u00fc\u011f\u00fcn\u00fc belirtti.<\/p>\n<p><span style=\"color: #0000ff\">Deyrezzor\u2019da I\u015e\u0130D\u2019li \u00c7ok Say\u0131da Ter\u00f6rist \u00d6l\u00fc ve Yaral\u0131 D\u00fc\u015f\u00fcr\u00fcld\u00fc<\/span><\/p>\n<p>Kentte bulunan bir kaynak, ordu birliklerimizin Deyrezzor Kenti Huveycet Sakr\u2019da I\u015e\u0130D ter\u00f6r \u00f6rg\u00fct\u00fcne tabi ter\u00f6ristlerle girdi\u011fi \u00e7at\u0131\u015fma sonras\u0131nda 3 ter\u00f6risti \u00f6ld\u00fcrd\u00fcklerini 20\u2019den fazla ter\u00f6risti de yaralad\u0131klar\u0131n\u0131 s\u00f6yledi.<\/p>\n<p>Kaynak, ter\u00f6ristlere ait bir havan topu ile bir ara\u00e7lar\u0131n\u0131n da imha edildi\u011fini belirtti.<\/p>\n<p><span style=\"color: #0000ff\">Hama K\u0131rsal\u0131nda Onlarca Ter\u00f6rist \u00d6ld\u00fcr\u00fcld\u00fc<\/span><\/p>\n<p>Askeri kaynak, ordu birliklerimizin Hama k\u0131rsal\u0131 Tel Selma, Soha, Ukeyrbat\u2019\u0131n do\u011fusu, Orta Kastal ve Latamne\u2019de onlarca ter\u00f6risti \u00f6l\u00fc ve yaral\u0131 d\u00fc\u015f\u00fcrd\u00fcklerini su\u00e7 edatlar\u0131 ve ara\u00e7lar\u0131n\u0131 da imha ettiklerini s\u00f6yledi.<\/p>\n<p>Ordu birliklerimiz ayr\u0131ca, Latamne, Orta Kastal, Aka\u015f, Soha, Hamadi, Omar, Cena Albavi, Hudayra, Hanuniye, Habbaj Abu Rammal, Kefar Zetta, Morik\u2019in kuzeyi, Sayyad ve Kulayb el Sevr\u2019de onlarca ter\u00f6ristin \u00f6ld\u00fcr\u00fcld\u00fc\u011f\u00fc ellerindeki ara\u00e7 ve te\u00e7hizatlar\u0131n\u0131n da imha edildi\u011fini ifade etti.<\/p>\n<p><span style=\"color: #0000ff\">Homs K\u0131rsal\u0131nda Yuva ve Cephanelikleri \u0130mha Ediliyor<\/span><\/p>\n<p>Bu arada askeri kaynak ordu birliklerimizin Homs k\u0131rsal\u0131 Amiriye B\u00f6lgesinde Nusra Cephesinin eleba\u015flar\u0131na ait bir karargah\u0131 tahrip edip a\u011f\u0131r makineli silahla donat\u0131lm\u0131\u015f 4 arac\u0131 imha ettiklerini aktard\u0131.<\/p>\n<p>kaynak; Deyr Fol B\u00f6lgesinde de bir cephane deposunun muhtevalar\u0131yla imha edildi\u011fini s\u00f6zlerine ekledi.<\/p>\n<p>\u00d6te yandan ordu birliklerimiz \u015eair Petrol Platformunun civar\u0131, Cezl, Taybe, Mecbel, Kedir, Kbab, Cbab Hamad, el M\u015firfe Ta\u015foca\u011f\u0131 ve Kubliye b\u00f6lgelerinde ter\u00f6ristlerin ara\u00e7lar\u0131n\u0131 imha edip \u00e7ok say\u0131da ter\u00f6risti \u00f6l\u00fc ve yaral\u0131 d\u00fc\u015f\u00fcrd\u00fc.<\/p>\n<p>Bu arada kaynak ordu birliklerimizin Resten Kentinde K\u00fclt\u00fcr Merkezi yak\u0131n\u0131nda ve Homs k\u0131rsal\u0131n\u0131n do\u011fusu Sultaniye K\u00f6y\u00fcnde \u00e7ok say\u0131da ter\u00f6risti \u00f6l\u00fc ve yaral\u0131 d\u00fc\u015f\u00fcrd\u00fcklerini aktar\u0131rken Hav\u015f el Zavahra B\u00f6lgesinde de bir karargahlar\u0131n\u0131 muhtevalar\u0131yla imha ettiklerini belirtti.<\/p>\n<p>Kaynak ordu birliklerimizin Homs k\u0131rsal\u0131 Kefar Laha ve Teldo b\u00f6lgelerinde \u00e7ok say\u0131da ter\u00f6risti \u00f6l\u00fc ve yaral\u0131 d\u00fc\u015f\u00fcrd\u00fcklerini ifade etti.<\/p>\n","protected":false},"excerpt":{"rendered":"<p>\u0130LLER \u2013 Kahraman ordu birliklerimizin hain ve gaddar ter\u00f6ristlere y\u00f6nelik d\u00fczenledi\u011fi ba\u015far\u0131l\u0131 operasyonlar\u0131n\u0131 s\u00fcrd\u00fcr\u00fcrken aralar\u0131nda I\u015e\u0130D \u00f6rg\u00fct\u00fcnden de ter\u00f6ristlerin bulundu\u011fu \u00e7ok say\u0131da ter\u00f6risti de \u00f6l\u00fc ve yaral\u0131 d\u00fc\u015f\u00fcrd\u00fc. Do\u011fu Guta ve Kalamun Da\u011flar\u0131nda Bir Dizi Operasyonda Onlarca Ter\u00f6rist \u00d6ld\u00fcr\u00fcld\u00fc \u015eam K\u0131rsal\u0131n\u0131n Do\u011fu Guta ve Kalamun Da\u011flar\u0131nda ordu birliklerimizin d\u00fczenledi\u011fi bir dizi operasyon sonucunda \u00e7ok say\u0131da &hellip;<\/p>\n","protected":false},"author":1,"featured_media":15150,"comment_status":"closed","ping_status":"closed","sticky":false,"template":"","format":"standard","meta":{"footnotes":""},"categories":[575],"tags":[5462,5457,5458,5460,5463,5452,5456,5461,5453,5464,5454],"class_list":["post-15149","post","type-post","status-publish","format-standard","has-post-thumbnail","","category-olaylar-ve-gercekler","tag-habitte-de-cok-sayida-teroristin-olduruldugunu-belirtti-deyrezzorda-isidli-cok-sayida-terorist-olu-ve-yarali-dusuruldu-kentte-bulunan-bir-kaynak","tag-maar-debse-ve-han-seyhunda-icindeki-teroristlerle-birlikte-bir-kac-hucrenin","tag-mutabaada-bir-araclarinin-etkisiz-hale-getirildigini","tag-ordu-birliklerimiz-onlarca-teroristi-oldurdu-iller-kahraman-ordu-birliklerimizin-hain-ve-gaddar-teroristlere-yonelik-duzenledigi-basarili-operasyonlarini-surdururken-aralarinda-isid-orgutund","tag-ordu-birliklerimizin-deyrezzor-kenti-huveycet-sakrda-isid-teror-orgutune-tabi-teroristlerle-girdigi-catisma-sonrasinda-3-teroristi-oldurduklerini-20den-fazla-teroristi-de-yaraladikla","tag-ordu-birliklerimizin-hama-kirsali-tel-selma","tag-ordu-birliklerimizin-idlib-kirsali-han-el-subulde-teroristlere-ait-bir-askeri-kamplari-ile-beraber","tag-orta-kastal-ve-latamnede-onlarca-teroristi-olu-ve-yarali-dusurduklerini-suc-edatlari-ve-araclarini-da-imha-ettiklerini-soyledi-idlib-kirsalinda-askeri-kamplari-imha-edildi-askeri-kaynak","tag-soha","tag-teroristlere-ait-bir-havan-topu-ile-bir-araclarinin-da-imha-edildigini-belirtti","tag-ukeyrbatin-dogusu"],"_links":{"self":[{"href":"https:\/\/archive.sana.sy\/tr\/index.php?rest_route=\/wp\/v2\/posts\/15149","targetHints":{"allow":["GET"]}}],"collection":[{"href":"https:\/\/archive.sana.sy\/tr\/index.php?rest_route=\/wp\/v2\/posts"}],"about":[{"href":"https:\/\/archive.sana.sy\/tr\/index.php?rest_route=\/wp\/v2\/types\/post"}],"author":[{"embeddable":true,"href":"https:\/\/archive.sana.sy\/tr\/index.php?rest_route=\/wp\/v2\/users\/1"}],"replies":[{"embeddable":true,"href":"https:\/\/archive.sana.sy\/tr\/index.php?rest_route=%2Fwp%2Fv2%2Fcomments&post=15149"}],"version-history":[{"count":0,"href":"https:\/\/archive.sana.sy\/tr\/index.php?rest_route=\/wp\/v2\/posts\/15149\/revisions"}],"wp:featuredmedia":[{"embeddable":true,"href":"https:\/\/archive.sana.sy\/tr\/index.php?rest_route=\/wp\/v2\/media\/15150"}],"wp:attachment":[{"href":"https:\/\/archive.sana.sy\/tr\/index.php?rest_route=%2Fwp%2Fv2%2Fmedia&parent=15149"}],"wp:term":[{"taxonomy":"category","embeddable":true,"href":"https:\/\/archive.sana.sy\/tr\/index.php?rest_route=%2Fwp%2Fv2%2Fcategories&post=15149"},{"taxonomy":"post_tag","embeddable":true,"href":"https:\/\/archive.sana.sy\/tr\/index.php?rest_route=%2Fwp%2Fv2%2Ftags&post=15149"}],"curies":[{"name":"wp","href":"https:\/\/api.w.org\/{rel}","templated":true}]}}