{"id":151526,"date":"2018-06-10T12:30:57","date_gmt":"2018-06-10T09:30:57","guid":{"rendered":"https:\/\/www.sana.sy\/tr\/?p=151526"},"modified":"2018-06-11T14:45:49","modified_gmt":"2018-06-11T11:45:49","slug":"halk-gucleri-teroristlerin-saldirisini-cokertti","status":"publish","type":"post","link":"https:\/\/archive.sana.sy\/tr\/?p=151526","title":{"rendered":"Halk G\u00fc\u00e7leri Ter\u00f6ristlerin Sald\u0131r\u0131s\u0131n\u0131 \u00c7\u00f6kertti"},"content":{"rendered":"<p>\u0130DL\u0130B \u2013 \u0130dlib k\u0131rsal\u0131n\u0131n kuzeyinde y\u0131llard\u0131r d\u0131\u015f g\u00fc\u00e7lere tabi ter\u00f6ristlerin s\u0131k\u0131 ku\u015fatmas\u0131 ve g\u00fcn\u00fcbirlik f\u00fcze sald\u0131r\u0131lar\u0131na maruz kalan Fua ve Kefrayya\u2019da halk g\u00fc\u00e7leri belde ahalisiyle birlikte bug\u00fcn erken saatlerde Nusra Cephesine tabi ter\u00f6ristlerin sald\u0131r\u0131lar\u0131n\u0131 ba\u015far\u0131yla \u00e7\u00f6kertti.<\/p>\n<p>\u0130ki beldede yerel kaynaklar SANA\u2019ya a\u00e7\u0131klamalar\u0131nda Benni\u015f, Ram Hamdan ve Savva\u011fiye eksenlerinden sald\u0131ran Nusra Cepheli ter\u00f6ristler ile iki beldede bulunan halk g\u00fc\u00e7leri aras\u0131nda \u015fiddetli \u00e7at\u0131\u015fmalar\u0131n ya\u015fand\u0131\u011f\u0131n\u0131 belirtti.<\/p>\n<p>Kaynaklar ter\u00f6ristlerin bir\u00e7o\u011funun ekipmanlar\u0131yla birlikte etkisiz hale getirilmeleri ard\u0131ndan sald\u0131r\u0131n\u0131n ba\u015far\u0131yla \u00e7\u00f6kertildi\u011fini, sa\u011f kalanlar\u0131n arkalar\u0131nda \u00e7ok say\u0131da ceset b\u0131rak\u0131p geldikleri yerlere geri \u00e7ekildiklerini vurgulad\u0131.<\/p>\n","protected":false},"excerpt":{"rendered":"<p>\u0130DL\u0130B \u2013 \u0130dlib k\u0131rsal\u0131n\u0131n kuzeyinde y\u0131llard\u0131r d\u0131\u015f g\u00fc\u00e7lere tabi ter\u00f6ristlerin s\u0131k\u0131 ku\u015fatmas\u0131 ve g\u00fcn\u00fcbirlik f\u00fcze sald\u0131r\u0131lar\u0131na maruz kalan Fua ve Kefrayya\u2019da halk g\u00fc\u00e7leri belde ahalisiyle birlikte bug\u00fcn erken saatlerde Nusra Cephesine tabi ter\u00f6ristlerin sald\u0131r\u0131lar\u0131n\u0131 ba\u015far\u0131yla \u00e7\u00f6kertti. \u0130ki beldede yerel kaynaklar SANA\u2019ya a\u00e7\u0131klamalar\u0131nda Benni\u015f, Ram Hamdan ve Savva\u011fiye eksenlerinden sald\u0131ran Nusra Cepheli ter\u00f6ristler ile iki beldede &hellip;<\/p>\n","protected":false},"author":1,"featured_media":151537,"comment_status":"closed","ping_status":"closed","sticky":false,"template":"","format":"standard","meta":{"footnotes":""},"categories":[479,575,17988,478],"tags":[3464,18489,1294,18490,18674,18174,19034,22181,28327],"class_list":["post-151526","post","type-post","status-publish","format-standard","has-post-thumbnail","","category-haberler-yerel","category-olaylar-ve-gercekler","category-son-haberler","category-yerel","tag-nusra-cephesi","tag-fua","tag-idlib","tag-kefrayya","tag-silahli-muhalifler","tag-sivillere-saldiri","tag-suriyeli-muhalifler","tag-suriyeliler","tag-tahrir-el-sam"],"_links":{"self":[{"href":"https:\/\/archive.sana.sy\/tr\/index.php?rest_route=\/wp\/v2\/posts\/151526","targetHints":{"allow":["GET"]}}],"collection":[{"href":"https:\/\/archive.sana.sy\/tr\/index.php?rest_route=\/wp\/v2\/posts"}],"about":[{"href":"https:\/\/archive.sana.sy\/tr\/index.php?rest_route=\/wp\/v2\/types\/post"}],"author":[{"embeddable":true,"href":"https:\/\/archive.sana.sy\/tr\/index.php?rest_route=\/wp\/v2\/users\/1"}],"replies":[{"embeddable":true,"href":"https:\/\/archive.sana.sy\/tr\/index.php?rest_route=%2Fwp%2Fv2%2Fcomments&post=151526"}],"version-history":[{"count":0,"href":"https:\/\/archive.sana.sy\/tr\/index.php?rest_route=\/wp\/v2\/posts\/151526\/revisions"}],"wp:featuredmedia":[{"embeddable":true,"href":"https:\/\/archive.sana.sy\/tr\/index.php?rest_route=\/wp\/v2\/media\/151537"}],"wp:attachment":[{"href":"https:\/\/archive.sana.sy\/tr\/index.php?rest_route=%2Fwp%2Fv2%2Fmedia&parent=151526"}],"wp:term":[{"taxonomy":"category","embeddable":true,"href":"https:\/\/archive.sana.sy\/tr\/index.php?rest_route=%2Fwp%2Fv2%2Fcategories&post=151526"},{"taxonomy":"post_tag","embeddable":true,"href":"https:\/\/archive.sana.sy\/tr\/index.php?rest_route=%2Fwp%2Fv2%2Ftags&post=151526"}],"curies":[{"name":"wp","href":"https:\/\/api.w.org\/{rel}","templated":true}]}}