{"id":151543,"date":"2018-06-10T14:22:42","date_gmt":"2018-06-10T11:22:42","guid":{"rendered":"https:\/\/www.sana.sy\/tr\/?p=151543"},"modified":"2018-06-11T12:05:31","modified_gmt":"2018-06-11T09:05:31","slug":"sosyal-ve-ekonomik-kalkinmaya-buyuk-katki-sagliyor","status":"publish","type":"post","link":"https:\/\/archive.sana.sy\/tr\/?p=151543","title":{"rendered":"Sosyal ve Ekonomik Kalk\u0131nmaya B\u00fcy\u00fck Katk\u0131 Sa\u011fl\u0131yor"},"content":{"rendered":"<p>HAMA \u2013 \u00d6zellikle k\u0131rsal alanlarda olmak \u00fczere dar gelirli ailelere sosyal ve ekonomik destek sa\u011flama ama\u00e7l\u0131 olarak \u201cProjem Bir Ad\u0131mda Ba\u015flar\u201d slogan\u0131 alt\u0131nda ba\u015flat\u0131lan Me\u015frui (Projem) Program\u0131 Hama k\u0131rsal\u0131nda geni\u015f bir \u015fekilde yay\u0131ld\u0131.<\/p>\n<p>\u0130l k\u0131rsal\u0131nda \u00f6zellikle dar gelirli ailelerin yan\u0131 s\u0131ra \u015fehit ve yaral\u0131 gazilerin ailelerine odaklan\u0131lan programda gerek daimi gelir ama\u00e7l\u0131 k\u00fc\u00e7\u00fck i\u015f projelerini hayata ge\u00e7irme, gerekse bu ailelerin \u00e7ocuklar\u0131n\u0131n e\u011fitim ve \u00f6\u011fretimlerini s\u00fcrd\u00fcrmelerine yard\u0131m ve destekte bulunmay\u0131 ama\u00e7l\u0131yor.<\/p>\n<p>Program \u0130cra M\u00fcd\u00fcr\u00fc \u0130ylin Faddul SANA\u2019ya yapt\u0131\u011f\u0131 a\u00e7\u0131klamada; dar gelirli ailelerin i\u015f projelerini finanse etmeleri i\u00e7in Hama k\u0131rsal\u0131n\u0131n farkl\u0131 b\u00f6lgelerinde 134 merkezin bulundu\u011funu a\u00e7\u0131klad\u0131.<\/p>\n<p>Faddul ailelere mali destek olarak verilen kredilerin uzun s\u00fcre\u00e7li ve faizsiz olarak kolay \u00f6deme f\u0131rsatlar\u0131 verildi\u011fini a\u00e7\u0131klarken program\u0131n \u015fu ana dek Hama k\u0131rsal\u0131n\u0131n 170 yerle\u015fim merkezinde hizmet verdi\u011fini kaydetti.<\/p>\n","protected":false},"excerpt":{"rendered":"<p>HAMA \u2013 \u00d6zellikle k\u0131rsal alanlarda olmak \u00fczere dar gelirli ailelere sosyal ve ekonomik destek sa\u011flama ama\u00e7l\u0131 olarak \u201cProjem Bir Ad\u0131mda Ba\u015flar\u201d slogan\u0131 alt\u0131nda ba\u015flat\u0131lan Me\u015frui (Projem) Program\u0131 Hama k\u0131rsal\u0131nda geni\u015f bir \u015fekilde yay\u0131ld\u0131. \u0130l k\u0131rsal\u0131nda \u00f6zellikle dar gelirli ailelerin yan\u0131 s\u0131ra \u015fehit ve yaral\u0131 gazilerin ailelerine odaklan\u0131lan programda gerek daimi gelir ama\u00e7l\u0131 k\u00fc\u00e7\u00fck i\u015f projelerini &hellip;<\/p>\n","protected":false},"author":1,"featured_media":151545,"comment_status":"closed","ping_status":"closed","sticky":false,"template":"","format":"standard","meta":{"footnotes":""},"categories":[485,526,479,541,486,17988,525,538,478],"tags":[36420,36421,2492,33068,16591,22181,27539],"class_list":["post-151543","post","type-post","status-publish","format-standard","has-post-thumbnail","","category-is-ve-sermaye","category-haber-ve-raporlar","category-haberler-yerel","category-haberler","category-haberler-is-ve-sermaye","category-son-haberler","category-toplum","category-yasam","category-yerel","tag-dar-gelirli-aiellere-destek","tag-ekonomik-destek","tag-hama","tag-sosyal-destek","tag-suriye","tag-suriyeliler","tag-vatandaslara-destek"],"_links":{"self":[{"href":"https:\/\/archive.sana.sy\/tr\/index.php?rest_route=\/wp\/v2\/posts\/151543","targetHints":{"allow":["GET"]}}],"collection":[{"href":"https:\/\/archive.sana.sy\/tr\/index.php?rest_route=\/wp\/v2\/posts"}],"about":[{"href":"https:\/\/archive.sana.sy\/tr\/index.php?rest_route=\/wp\/v2\/types\/post"}],"author":[{"embeddable":true,"href":"https:\/\/archive.sana.sy\/tr\/index.php?rest_route=\/wp\/v2\/users\/1"}],"replies":[{"embeddable":true,"href":"https:\/\/archive.sana.sy\/tr\/index.php?rest_route=%2Fwp%2Fv2%2Fcomments&post=151543"}],"version-history":[{"count":0,"href":"https:\/\/archive.sana.sy\/tr\/index.php?rest_route=\/wp\/v2\/posts\/151543\/revisions"}],"wp:featuredmedia":[{"embeddable":true,"href":"https:\/\/archive.sana.sy\/tr\/index.php?rest_route=\/wp\/v2\/media\/151545"}],"wp:attachment":[{"href":"https:\/\/archive.sana.sy\/tr\/index.php?rest_route=%2Fwp%2Fv2%2Fmedia&parent=151543"}],"wp:term":[{"taxonomy":"category","embeddable":true,"href":"https:\/\/archive.sana.sy\/tr\/index.php?rest_route=%2Fwp%2Fv2%2Fcategories&post=151543"},{"taxonomy":"post_tag","embeddable":true,"href":"https:\/\/archive.sana.sy\/tr\/index.php?rest_route=%2Fwp%2Fv2%2Ftags&post=151543"}],"curies":[{"name":"wp","href":"https:\/\/api.w.org\/{rel}","templated":true}]}}