{"id":151583,"date":"2018-06-11T12:04:59","date_gmt":"2018-06-11T09:04:59","guid":{"rendered":"https:\/\/www.sana.sy\/tr\/?p=151583"},"modified":"2018-06-11T14:43:50","modified_gmt":"2018-06-11T11:43:50","slug":"bakanlar-kurulu-gundeminde-yer-alan-bir-dizi-karar-tasarisini-tartisti","status":"publish","type":"post","link":"https:\/\/archive.sana.sy\/tr\/?p=151583","title":{"rendered":"Bakanlar Kurulu G\u00fcndeminde Yer Alan Bir Dizi Karar Tasar\u0131s\u0131n\u0131 Tart\u0131\u015ft\u0131"},"content":{"rendered":"<p>\u015eAM \u2013 Ba\u015fbakan \u0130mad Hamis ba\u015fkanl\u0131\u011f\u0131nda toplanan bakanlar kurulu oturum g\u00fcndeminde yer alan bir dizi karar tasar\u0131s\u0131n\u0131 tart\u0131\u015ft\u0131.<\/p>\n<p><a href=\"https:\/\/www.sana.sy\/tr\/wp-content\/uploads\/2018\/06\/1-81.jpg\"><img loading=\"lazy\" decoding=\"async\" class=\"alignright wp-image-151585 size-medium\" src=\"https:\/\/www.sana.sy\/tr\/wp-content\/uploads\/2018\/06\/1-81-300x175.jpg\" alt=\"\" width=\"300\" height=\"175\" srcset=\"https:\/\/archive.sana.sy\/tr\/wp-content\/uploads\/2018\/06\/1-81-300x175.jpg 300w, https:\/\/archive.sana.sy\/tr\/wp-content\/uploads\/2018\/06\/1-81-150x88.jpg 150w, https:\/\/archive.sana.sy\/tr\/wp-content\/uploads\/2018\/06\/1-81-768x449.jpg 768w, https:\/\/archive.sana.sy\/tr\/wp-content\/uploads\/2018\/06\/1-81-1024x599.jpg 1024w\" sizes=\"auto, (max-width: 300px) 100vw, 300px\" \/><\/a>Bakanlar kurulunun tart\u0131\u015ft\u0131\u011f\u0131 karar tasar\u0131lar\u0131 aras\u0131nda bir y\u0131ll\u0131k s\u00f6zle\u015fmeleri olan memurlar\u0131 kadrolu stat\u00fcs\u00fcne \u00e7\u0131karmay\u0131 \u00f6ng\u00f6ren karar tasar\u0131s\u0131 yer ald\u0131. Oturumda karar tasar\u0131s\u0131n\u0131n tart\u0131\u015f\u0131lmas\u0131 ard\u0131ndan gerekli d\u00fczenlemelerin yap\u0131lmas\u0131 i\u00e7in yeniden incelemeye sevk edildi.<\/p>\n<p>Altyap\u0131 ve hizmet \u015febekelerinin yan\u0131 s\u0131ra sanayi b\u00f6lgelerinde i\u015f\u00e7i konutlar\u0131 in\u015fa etme karar tasar\u0131s\u0131n\u0131 tart\u0131\u015f\u0131p onaylayan bakanlar kurulu, bunun i\u00e7in 3 milyar lira b\u00fct\u00e7e ayr\u0131lmas\u0131n\u0131 kararla\u015ft\u0131rd\u0131.<\/p>\n<p>Bakanlar kurulu Eyl\u00fcl ay\u0131nda d\u00fczenlenmesi beklenen 60. Uluslararas\u0131 \u015eam Fuar\u0131na haz\u0131rl\u0131klar\u0131 incelerken, bu y\u0131l uluslar aras\u0131 b\u00fcy\u00fck bir kat\u0131l\u0131m olmas\u0131yla gerekli t\u00fcm haz\u0131rl\u0131klar\u0131n en k\u0131sa s\u00fcre i\u00e7inde tamamlanmas\u0131 gere\u011fini ifade etti.<\/p>\n<p>Kamu bankalar\u0131n\u0131n teknik a\u00e7\u0131dan geli\u015ftirilmesi gere\u011fini vurgulayan bakanlar kurulu, Suriye&#8217;nin yeniden yap\u0131land\u0131r\u0131lmas\u0131 s\u00fcrecinin bankac\u0131l\u0131k sekt\u00f6r\u00fcndeki gereksinimlerini kar\u015f\u0131layacak d\u00fczeyde olmas\u0131 \u00f6neminin alt\u0131n\u0131 \u00e7izdi.<\/p>\n","protected":false},"excerpt":{"rendered":"<p>\u015eAM \u2013 Ba\u015fbakan \u0130mad Hamis ba\u015fkanl\u0131\u011f\u0131nda toplanan bakanlar kurulu oturum g\u00fcndeminde yer alan bir dizi karar tasar\u0131s\u0131n\u0131 tart\u0131\u015ft\u0131. Bakanlar kurulunun tart\u0131\u015ft\u0131\u011f\u0131 karar tasar\u0131lar\u0131 aras\u0131nda bir y\u0131ll\u0131k s\u00f6zle\u015fmeleri olan memurlar\u0131 kadrolu stat\u00fcs\u00fcne \u00e7\u0131karmay\u0131 \u00f6ng\u00f6ren karar tasar\u0131s\u0131 yer ald\u0131. Oturumda karar tasar\u0131s\u0131n\u0131n tart\u0131\u015f\u0131lmas\u0131 ard\u0131ndan gerekli d\u00fczenlemelerin yap\u0131lmas\u0131 i\u00e7in yeniden incelemeye sevk edildi. Altyap\u0131 ve hizmet \u015febekelerinin yan\u0131 &hellip;<\/p>\n","protected":false},"author":1,"featured_media":151586,"comment_status":"closed","ping_status":"closed","sticky":false,"template":"","format":"standard","meta":{"footnotes":""},"categories":[479,17988,478],"tags":[36423,2755,16591,12240],"class_list":["post-151583","post","type-post","status-publish","format-standard","has-post-thumbnail","","category-haberler-yerel","category-son-haberler","category-yerel","tag-bankacilik-sektoru","tag-sam","tag-suriye","tag-suriye-hukumeti"],"_links":{"self":[{"href":"https:\/\/archive.sana.sy\/tr\/index.php?rest_route=\/wp\/v2\/posts\/151583","targetHints":{"allow":["GET"]}}],"collection":[{"href":"https:\/\/archive.sana.sy\/tr\/index.php?rest_route=\/wp\/v2\/posts"}],"about":[{"href":"https:\/\/archive.sana.sy\/tr\/index.php?rest_route=\/wp\/v2\/types\/post"}],"author":[{"embeddable":true,"href":"https:\/\/archive.sana.sy\/tr\/index.php?rest_route=\/wp\/v2\/users\/1"}],"replies":[{"embeddable":true,"href":"https:\/\/archive.sana.sy\/tr\/index.php?rest_route=%2Fwp%2Fv2%2Fcomments&post=151583"}],"version-history":[{"count":0,"href":"https:\/\/archive.sana.sy\/tr\/index.php?rest_route=\/wp\/v2\/posts\/151583\/revisions"}],"wp:featuredmedia":[{"embeddable":true,"href":"https:\/\/archive.sana.sy\/tr\/index.php?rest_route=\/wp\/v2\/media\/151586"}],"wp:attachment":[{"href":"https:\/\/archive.sana.sy\/tr\/index.php?rest_route=%2Fwp%2Fv2%2Fmedia&parent=151583"}],"wp:term":[{"taxonomy":"category","embeddable":true,"href":"https:\/\/archive.sana.sy\/tr\/index.php?rest_route=%2Fwp%2Fv2%2Fcategories&post=151583"},{"taxonomy":"post_tag","embeddable":true,"href":"https:\/\/archive.sana.sy\/tr\/index.php?rest_route=%2Fwp%2Fv2%2Ftags&post=151583"}],"curies":[{"name":"wp","href":"https:\/\/api.w.org\/{rel}","templated":true}]}}