{"id":151591,"date":"2018-06-11T10:00:27","date_gmt":"2018-06-11T07:00:27","guid":{"rendered":"https:\/\/www.sana.sy\/tr\/?p=151591"},"modified":"2018-06-12T13:30:09","modified_gmt":"2018-06-12T10:30:09","slug":"brennan-trump-yakinda-yok-olacak-gecici-bir-hatadir","status":"publish","type":"post","link":"https:\/\/archive.sana.sy\/tr\/?p=151591","title":{"rendered":"Brennan: Trump Yak\u0131nda Yok Olacak Ge\u00e7ici Bir Hatad\u0131r"},"content":{"rendered":"<p>WASH\u0130NGTON \u2013 ABD&#8217;de merkezi haber alma te\u015fkilat\u0131 CIA\u2019n\u0131n eski ba\u015fkan\u0131 John Brennan Donald Trump\u2019u \u201cyak\u0131nda yok olacak ge\u00e7ici bir hata\u201d olarak nitelendirdi.<\/p>\n<p>Brennan twetter hesab\u0131nda bulundu\u011fu ve RT web haber sitesinin aktard\u0131\u011f\u0131 twitinde; Trump\u2019un patavats\u0131z davran\u0131\u015flar\u0131 ve k\u00f6t\u00fc politikas\u0131n\u0131n ABD\u2019nin uluslar aras\u0131 konumu ve milli \u00e7\u0131karlar\u0131na zarar verdi\u011fini belirtti.<\/p>\n","protected":false},"excerpt":{"rendered":"<p>WASH\u0130NGTON \u2013 ABD&#8217;de merkezi haber alma te\u015fkilat\u0131 CIA\u2019n\u0131n eski ba\u015fkan\u0131 John Brennan Donald Trump\u2019u \u201cyak\u0131nda yok olacak ge\u00e7ici bir hata\u201d olarak nitelendirdi. Brennan twetter hesab\u0131nda bulundu\u011fu ve RT web haber sitesinin aktard\u0131\u011f\u0131 twitinde; Trump\u2019un patavats\u0131z davran\u0131\u015flar\u0131 ve k\u00f6t\u00fc politikas\u0131n\u0131n ABD\u2019nin uluslar aras\u0131 konumu ve milli \u00e7\u0131karlar\u0131na zarar verdi\u011fini belirtti.<\/p>\n","protected":false},"author":1,"featured_media":151592,"comment_status":"closed","ping_status":"closed","sticky":false,"template":"","format":"standard","meta":{"footnotes":""},"categories":[556,458,559,459,17988],"tags":[22156,20440,36426,25588,36425],"class_list":["post-151591","post","type-post","status-publish","format-standard","has-post-thumbnail","","category-basin","category-dunya1","category-dunya-basini","category-haberler-arap-uluslararasi-politika","category-son-haberler","tag-abd-idaresi","tag-cia","tag-cia-baskani","tag-donald-trump","tag-john-brennan"],"_links":{"self":[{"href":"https:\/\/archive.sana.sy\/tr\/index.php?rest_route=\/wp\/v2\/posts\/151591","targetHints":{"allow":["GET"]}}],"collection":[{"href":"https:\/\/archive.sana.sy\/tr\/index.php?rest_route=\/wp\/v2\/posts"}],"about":[{"href":"https:\/\/archive.sana.sy\/tr\/index.php?rest_route=\/wp\/v2\/types\/post"}],"author":[{"embeddable":true,"href":"https:\/\/archive.sana.sy\/tr\/index.php?rest_route=\/wp\/v2\/users\/1"}],"replies":[{"embeddable":true,"href":"https:\/\/archive.sana.sy\/tr\/index.php?rest_route=%2Fwp%2Fv2%2Fcomments&post=151591"}],"version-history":[{"count":0,"href":"https:\/\/archive.sana.sy\/tr\/index.php?rest_route=\/wp\/v2\/posts\/151591\/revisions"}],"wp:featuredmedia":[{"embeddable":true,"href":"https:\/\/archive.sana.sy\/tr\/index.php?rest_route=\/wp\/v2\/media\/151592"}],"wp:attachment":[{"href":"https:\/\/archive.sana.sy\/tr\/index.php?rest_route=%2Fwp%2Fv2%2Fmedia&parent=151591"}],"wp:term":[{"taxonomy":"category","embeddable":true,"href":"https:\/\/archive.sana.sy\/tr\/index.php?rest_route=%2Fwp%2Fv2%2Fcategories&post=151591"},{"taxonomy":"post_tag","embeddable":true,"href":"https:\/\/archive.sana.sy\/tr\/index.php?rest_route=%2Fwp%2Fv2%2Ftags&post=151591"}],"curies":[{"name":"wp","href":"https:\/\/api.w.org\/{rel}","templated":true}]}}