{"id":151594,"date":"2018-06-11T11:15:05","date_gmt":"2018-06-11T08:15:05","guid":{"rendered":"https:\/\/www.sana.sy\/tr\/?p=151594"},"modified":"2018-06-12T13:29:55","modified_gmt":"2018-06-12T10:29:55","slug":"infantino-suriye-takimlarina-uygulanan-yaptirimlarin-kaldirilmasini-umuyoruz","status":"publish","type":"post","link":"https:\/\/archive.sana.sy\/tr\/?p=151594","title":{"rendered":"Infantino: Suriye Tak\u0131mlar\u0131na Uygulanan Yapt\u0131r\u0131mlar\u0131n Kald\u0131r\u0131lmas\u0131n\u0131 Umuyoruz"},"content":{"rendered":"<p>MOSKOVA \u2013 Uluslararas\u0131 Futbol Federasyonu FIFA Ba\u015fkan\u0131 Gianni Infantino; FIFA\u2019n\u0131n, Suriye&#8217;nin spor stadyumlar\u0131na uygulanan yapt\u0131r\u0131mlar\u0131n kald\u0131r\u0131lmas\u0131na ili\u015fkin sundu\u011fu talebi de\u011ferlendirmekte oldu\u011funu ifade etti.<\/p>\n<p>FIFA icra komitesinin d\u00fcn Moskova\u2019da d\u00fczenledi\u011fi toplant\u0131 ard\u0131ndan a\u00e7\u0131klama yapan Infantino; Suriye futbol tak\u0131mlar\u0131 ve statlar\u0131na uygulanan yapt\u0131r\u0131mlar\u0131n yak\u0131n bir s\u00fcre i\u00e7inde kald\u0131r\u0131lmas\u0131n\u0131 umut etti\u011fini ifade etti. Infantino Suriye tak\u0131mlar\u0131n\u0131n yak\u0131n bir s\u00fcre i\u00e7inde uluslar aras\u0131 ma\u00e7lar\u0131n\u0131 kendi sahalar\u0131nda oynamas\u0131n\u0131 umut etti\u011fini s\u00f6yledi.<\/p>\n","protected":false},"excerpt":{"rendered":"<p>MOSKOVA \u2013 Uluslararas\u0131 Futbol Federasyonu FIFA Ba\u015fkan\u0131 Gianni Infantino; FIFA\u2019n\u0131n, Suriye&#8217;nin spor stadyumlar\u0131na uygulanan yapt\u0131r\u0131mlar\u0131n kald\u0131r\u0131lmas\u0131na ili\u015fkin sundu\u011fu talebi de\u011ferlendirmekte oldu\u011funu ifade etti. FIFA icra komitesinin d\u00fcn Moskova\u2019da d\u00fczenledi\u011fi toplant\u0131 ard\u0131ndan a\u00e7\u0131klama yapan Infantino; Suriye futbol tak\u0131mlar\u0131 ve statlar\u0131na uygulanan yapt\u0131r\u0131mlar\u0131n yak\u0131n bir s\u00fcre i\u00e7inde kald\u0131r\u0131lmas\u0131n\u0131 umut etti\u011fini ifade etti. Infantino Suriye tak\u0131mlar\u0131n\u0131n yak\u0131n bir &hellip;<\/p>\n","protected":false},"author":1,"featured_media":151600,"comment_status":"closed","ping_status":"closed","sticky":false,"template":"","format":"standard","meta":{"footnotes":""},"categories":[498,17988,496],"tags":[36428,33582,29640,36429,2755,31170,31987],"class_list":["post-151594","post","type-post","status-publish","format-standard","has-post-thumbnail","","category-dunya-turnuvalari","category-son-haberler","category-spor","tag-dunya-futbol-federasyonu","tag-fifa","tag-futbol-takimi","tag-gianni-infantino","tag-sam","tag-suriye-futbolu","tag-suriye-takimlari"],"_links":{"self":[{"href":"https:\/\/archive.sana.sy\/tr\/index.php?rest_route=\/wp\/v2\/posts\/151594","targetHints":{"allow":["GET"]}}],"collection":[{"href":"https:\/\/archive.sana.sy\/tr\/index.php?rest_route=\/wp\/v2\/posts"}],"about":[{"href":"https:\/\/archive.sana.sy\/tr\/index.php?rest_route=\/wp\/v2\/types\/post"}],"author":[{"embeddable":true,"href":"https:\/\/archive.sana.sy\/tr\/index.php?rest_route=\/wp\/v2\/users\/1"}],"replies":[{"embeddable":true,"href":"https:\/\/archive.sana.sy\/tr\/index.php?rest_route=%2Fwp%2Fv2%2Fcomments&post=151594"}],"version-history":[{"count":0,"href":"https:\/\/archive.sana.sy\/tr\/index.php?rest_route=\/wp\/v2\/posts\/151594\/revisions"}],"wp:featuredmedia":[{"embeddable":true,"href":"https:\/\/archive.sana.sy\/tr\/index.php?rest_route=\/wp\/v2\/media\/151600"}],"wp:attachment":[{"href":"https:\/\/archive.sana.sy\/tr\/index.php?rest_route=%2Fwp%2Fv2%2Fmedia&parent=151594"}],"wp:term":[{"taxonomy":"category","embeddable":true,"href":"https:\/\/archive.sana.sy\/tr\/index.php?rest_route=%2Fwp%2Fv2%2Fcategories&post=151594"},{"taxonomy":"post_tag","embeddable":true,"href":"https:\/\/archive.sana.sy\/tr\/index.php?rest_route=%2Fwp%2Fv2%2Ftags&post=151594"}],"curies":[{"name":"wp","href":"https:\/\/api.w.org\/{rel}","templated":true}]}}