{"id":151597,"date":"2018-06-11T11:00:09","date_gmt":"2018-06-11T08:00:09","guid":{"rendered":"https:\/\/www.sana.sy\/tr\/?p=151597"},"modified":"2018-06-12T13:29:59","modified_gmt":"2018-06-12T10:29:59","slug":"kasimi-iran-suriye-ve-rusya-ile-isbirligini-surdurecek","status":"publish","type":"post","link":"https:\/\/archive.sana.sy\/tr\/?p=151597","title":{"rendered":"Kasimi: \u0130ran Suriye ve Rusya ile \u0130\u015fbirli\u011fini S\u00fcrd\u00fcrecek"},"content":{"rendered":"<p>TAHRAN \u2013 \u0130ran D\u0131\u015fi\u015fleri Bakanl\u0131\u011f\u0131 S\u00f6zc\u00fcs\u00fc Behram Kasimi; Suriye&#8217;de bulunan \u0130ranl\u0131 m\u00fcste\u015farlar\u0131n, Suriye&#8217;de me\u015fru h\u00fck\u00fcmetin talebi \u00fczerine geldi\u011fini ve bunun ter\u00f6re kar\u015f\u0131 sava\u015f amac\u0131yla oldu\u011funu bir kez daha belirtti.<\/p>\n<p>Kasimi haftal\u0131k bas\u0131n toplant\u0131s\u0131nda Suriye&#8217;de g\u00fcvenlik, istikrar ve bar\u0131\u015f\u0131n sa\u011flanmas\u0131na dek \u0130ran\u2019\u0131n Suriye h\u00fck\u00fcmeti ve Rusya ile i\u015fbirli\u011fini s\u00fcrd\u00fcrece\u011fini ifade etti.<\/p>\n","protected":false},"excerpt":{"rendered":"<p>TAHRAN \u2013 \u0130ran D\u0131\u015fi\u015fleri Bakanl\u0131\u011f\u0131 S\u00f6zc\u00fcs\u00fc Behram Kasimi; Suriye&#8217;de bulunan \u0130ranl\u0131 m\u00fcste\u015farlar\u0131n, Suriye&#8217;de me\u015fru h\u00fck\u00fcmetin talebi \u00fczerine geldi\u011fini ve bunun ter\u00f6re kar\u015f\u0131 sava\u015f amac\u0131yla oldu\u011funu bir kez daha belirtti. Kasimi haftal\u0131k bas\u0131n toplant\u0131s\u0131nda Suriye&#8217;de g\u00fcvenlik, istikrar ve bar\u0131\u015f\u0131n sa\u011flanmas\u0131na dek \u0130ran\u2019\u0131n Suriye h\u00fck\u00fcmeti ve Rusya ile i\u015fbirli\u011fini s\u00fcrd\u00fcrece\u011fini ifade etti.<\/p>\n","protected":false},"author":1,"featured_media":151605,"comment_status":"closed","ping_status":"closed","sticky":false,"template":"","format":"standard","meta":{"footnotes":""},"categories":[458,459,17988],"tags":[23859,2420,3915,2755,16591,4076],"class_list":["post-151597","post","type-post","status-publish","format-standard","has-post-thumbnail","","category-dunya1","category-haberler-arap-uluslararasi-politika","category-son-haberler","tag-behram-kasimi","tag-disisleri-bakanligi","tag-iran","tag-sam","tag-suriye","tag-terorle-mucadele"],"_links":{"self":[{"href":"https:\/\/archive.sana.sy\/tr\/index.php?rest_route=\/wp\/v2\/posts\/151597","targetHints":{"allow":["GET"]}}],"collection":[{"href":"https:\/\/archive.sana.sy\/tr\/index.php?rest_route=\/wp\/v2\/posts"}],"about":[{"href":"https:\/\/archive.sana.sy\/tr\/index.php?rest_route=\/wp\/v2\/types\/post"}],"author":[{"embeddable":true,"href":"https:\/\/archive.sana.sy\/tr\/index.php?rest_route=\/wp\/v2\/users\/1"}],"replies":[{"embeddable":true,"href":"https:\/\/archive.sana.sy\/tr\/index.php?rest_route=%2Fwp%2Fv2%2Fcomments&post=151597"}],"version-history":[{"count":0,"href":"https:\/\/archive.sana.sy\/tr\/index.php?rest_route=\/wp\/v2\/posts\/151597\/revisions"}],"wp:featuredmedia":[{"embeddable":true,"href":"https:\/\/archive.sana.sy\/tr\/index.php?rest_route=\/wp\/v2\/media\/151605"}],"wp:attachment":[{"href":"https:\/\/archive.sana.sy\/tr\/index.php?rest_route=%2Fwp%2Fv2%2Fmedia&parent=151597"}],"wp:term":[{"taxonomy":"category","embeddable":true,"href":"https:\/\/archive.sana.sy\/tr\/index.php?rest_route=%2Fwp%2Fv2%2Fcategories&post=151597"},{"taxonomy":"post_tag","embeddable":true,"href":"https:\/\/archive.sana.sy\/tr\/index.php?rest_route=%2Fwp%2Fv2%2Ftags&post=151597"}],"curies":[{"name":"wp","href":"https:\/\/api.w.org\/{rel}","templated":true}]}}