{"id":151653,"date":"2018-06-12T13:27:16","date_gmt":"2018-06-12T10:27:16","guid":{"rendered":"https:\/\/www.sana.sy\/tr\/?p=151653"},"modified":"2018-06-13T12:45:10","modified_gmt":"2018-06-13T09:45:10","slug":"haseke-ile-rakka-arasindaki-yuksek-gerilim-hatti-onarildi","status":"publish","type":"post","link":"https:\/\/archive.sana.sy\/tr\/?p=151653","title":{"rendered":"Haseke ile Rakka Aras\u0131ndaki Y\u00fcksek Gerilim Hatt\u0131 Onar\u0131ld\u0131"},"content":{"rendered":"<p>HASEKE \u2013 Haseke \u0130l Elektrik M\u00fcd\u00fcrl\u00fc\u011f\u00fc, Haseke ve Rakka illeri aras\u0131nda uzan\u0131p F\u0131rat Baraj\u0131ndaki elektrik santrali \u00fczerinden elektrik temin eden 230 kilo vatl\u0131k y\u00fcksek gerilim hatt\u0131n\u0131n onar\u0131l\u0131p yeniden hizmete koyuldu\u011funu belirtti.<\/p>\n<p>Haseke \u0130l Elektrik M\u00fcd\u00fcr\u00fc Enver Akle b\u00f6lgede bulunan b\u00f6l\u00fcc\u00fc ter\u00f6ristlerin elektrik tellerini ve 14 b\u00fcy\u00fck dire\u011fi sabote edip ya\u011fmalamalar\u0131 nedeniyle y\u00fcksek gerilim hatt\u0131n\u0131n \u00fc\u00e7 y\u0131ld\u0131r hizmet d\u0131\u015f\u0131 oldu\u011funu kaydetti. Akle onar\u0131m ekiplerinin hatt\u0131 onar\u0131l\u0131p hizmete girmesinin Haseke\u2019de elektrik enerjisi temininde b\u00fcy\u00fck bir \u00f6nem ta\u015f\u0131d\u0131\u011f\u0131na dikkat \u00e7ekti.<\/p>\n","protected":false},"excerpt":{"rendered":"<p>HASEKE \u2013 Haseke \u0130l Elektrik M\u00fcd\u00fcrl\u00fc\u011f\u00fc, Haseke ve Rakka illeri aras\u0131nda uzan\u0131p F\u0131rat Baraj\u0131ndaki elektrik santrali \u00fczerinden elektrik temin eden 230 kilo vatl\u0131k y\u00fcksek gerilim hatt\u0131n\u0131n onar\u0131l\u0131p yeniden hizmete koyuldu\u011funu belirtti. Haseke \u0130l Elektrik M\u00fcd\u00fcr\u00fc Enver Akle b\u00f6lgede bulunan b\u00f6l\u00fcc\u00fc ter\u00f6ristlerin elektrik tellerini ve 14 b\u00fcy\u00fck dire\u011fi sabote edip ya\u011fmalamalar\u0131 nedeniyle y\u00fcksek gerilim hatt\u0131n\u0131n \u00fc\u00e7 &hellip;<\/p>\n","protected":false},"author":1,"featured_media":151662,"comment_status":"closed","ping_status":"closed","sticky":false,"template":"","format":"standard","meta":{"footnotes":""},"categories":[485,479,486,17988,478],"tags":[19640,29647,1140,2493,16591,22181,22563],"class_list":["post-151653","post","type-post","status-publish","format-standard","has-post-thumbnail","","category-is-ve-sermaye","category-haberler-yerel","category-haberler-is-ve-sermaye","category-son-haberler","category-yerel","tag-elektrik-sebekesi","tag-firat-baraji","tag-haseke","tag-rakka","tag-suriye","tag-suriyeliler","tag-yuksek-gerilim-hatti"],"_links":{"self":[{"href":"https:\/\/archive.sana.sy\/tr\/index.php?rest_route=\/wp\/v2\/posts\/151653","targetHints":{"allow":["GET"]}}],"collection":[{"href":"https:\/\/archive.sana.sy\/tr\/index.php?rest_route=\/wp\/v2\/posts"}],"about":[{"href":"https:\/\/archive.sana.sy\/tr\/index.php?rest_route=\/wp\/v2\/types\/post"}],"author":[{"embeddable":true,"href":"https:\/\/archive.sana.sy\/tr\/index.php?rest_route=\/wp\/v2\/users\/1"}],"replies":[{"embeddable":true,"href":"https:\/\/archive.sana.sy\/tr\/index.php?rest_route=%2Fwp%2Fv2%2Fcomments&post=151653"}],"version-history":[{"count":0,"href":"https:\/\/archive.sana.sy\/tr\/index.php?rest_route=\/wp\/v2\/posts\/151653\/revisions"}],"wp:featuredmedia":[{"embeddable":true,"href":"https:\/\/archive.sana.sy\/tr\/index.php?rest_route=\/wp\/v2\/media\/151662"}],"wp:attachment":[{"href":"https:\/\/archive.sana.sy\/tr\/index.php?rest_route=%2Fwp%2Fv2%2Fmedia&parent=151653"}],"wp:term":[{"taxonomy":"category","embeddable":true,"href":"https:\/\/archive.sana.sy\/tr\/index.php?rest_route=%2Fwp%2Fv2%2Fcategories&post=151653"},{"taxonomy":"post_tag","embeddable":true,"href":"https:\/\/archive.sana.sy\/tr\/index.php?rest_route=%2Fwp%2Fv2%2Ftags&post=151653"}],"curies":[{"name":"wp","href":"https:\/\/api.w.org\/{rel}","templated":true}]}}