{"id":151661,"date":"2018-06-12T14:05:27","date_gmt":"2018-06-12T11:05:27","guid":{"rendered":"https:\/\/www.sana.sy\/tr\/?p=151661"},"modified":"2018-06-13T12:45:07","modified_gmt":"2018-06-13T09:45:07","slug":"bayramin-yaklasmasiyla-icraatlar-yogunlastirildi","status":"publish","type":"post","link":"https:\/\/archive.sana.sy\/tr\/?p=151661","title":{"rendered":"Bayram\u0131n Yakla\u015fmas\u0131yla \u0130craatlar Yo\u011funla\u015ft\u0131r\u0131ld\u0131"},"content":{"rendered":"<p>\u015eAM \u2013 \u0130\u00e7 Ticaret ve T\u00fcketiciyi Koruma Bakanl\u0131\u011f\u0131 bayram\u0131n yakla\u015fmas\u0131yla vatanda\u015flar\u0131n t\u00fcm gereksinimlerinin uygun fiyat ve kalitede temin edilmesi amac\u0131yla muhtelif illerde ve b\u00f6lgelerde \u00e7ar\u015f\u0131 pazarlarda icraatlar\u0131n\u0131 yo\u011funla\u015ft\u0131rd\u0131.<\/p>\n<p>\u0130\u00e7 Ticaret ve T\u00fcketiciyi Koruma Bakan Yard\u0131mc\u0131s\u0131 Cemalettin \u015euayb SANA\u2019ya verdi\u011fi deme\u00e7te; bakanl\u0131\u011f\u0131n yurt genelinde t\u00fcm \u00e7ar\u015f\u0131 pazarlarda devriyelerini artt\u0131rd\u0131\u011f\u0131n\u0131 belirtti. \u015euayb bayram m\u00fcnasebetiyle vatanda\u015flar\u0131n al\u0131\u015fveri\u015fi artt\u0131rmalar\u0131yla devriyelerin \u00e7ar\u015f\u0131 pazarlarda s\u00fcrekli olarak dola\u015ft\u0131klar\u0131n\u0131, \u00fcr\u00fcnlerin fiyat ve kalite a\u00e7\u0131s\u0131ndan uygunlu\u011funu s\u0131k\u0131 bir \u015fekilde denetlediklerini ifade etti.<\/p>\n<p>\u00c7ar\u015f\u0131 pazarlarda belirlenen fiyatlara uyum zorunlulu\u011funa dikkat \u00e7eken Bakan Yard\u0131mc\u0131s\u0131 \u015euayb; devriyelerin ku\u015fkuland\u0131klar\u0131 g\u0131da \u00fcr\u00fcnlerinden \u00f6rnek al\u0131p laboratuarlarda test ettiklerini s\u00f6yledi. \u015euayb bunun haricinde vatanda\u015flar\u0131n \u015fikayetlerinin h\u0131zl\u0131 bir \u015fekilde \u00e7\u00f6z\u00fclece\u011fini de s\u00f6zlerine ekledi.<\/p>\n","protected":false},"excerpt":{"rendered":"<p>\u015eAM \u2013 \u0130\u00e7 Ticaret ve T\u00fcketiciyi Koruma Bakanl\u0131\u011f\u0131 bayram\u0131n yakla\u015fmas\u0131yla vatanda\u015flar\u0131n t\u00fcm gereksinimlerinin uygun fiyat ve kalitede temin edilmesi amac\u0131yla muhtelif illerde ve b\u00f6lgelerde \u00e7ar\u015f\u0131 pazarlarda icraatlar\u0131n\u0131 yo\u011funla\u015ft\u0131rd\u0131. \u0130\u00e7 Ticaret ve T\u00fcketiciyi Koruma Bakan Yard\u0131mc\u0131s\u0131 Cemalettin \u015euayb SANA\u2019ya verdi\u011fi deme\u00e7te; bakanl\u0131\u011f\u0131n yurt genelinde t\u00fcm \u00e7ar\u015f\u0131 pazarlarda devriyelerini artt\u0131rd\u0131\u011f\u0131n\u0131 belirtti. \u015euayb bayram m\u00fcnasebetiyle vatanda\u015flar\u0131n al\u0131\u015fveri\u015fi artt\u0131rmalar\u0131yla &hellip;<\/p>\n","protected":false},"author":1,"featured_media":151669,"comment_status":"closed","ping_status":"closed","sticky":false,"template":"","format":"standard","meta":{"footnotes":""},"categories":[485,486,479,17988,478],"tags":[30475,1132,2755,16591,30473,22181,29545],"class_list":["post-151661","post","type-post","status-publish","format-standard","has-post-thumbnail","","category-is-ve-sermaye","category-haberler-is-ve-sermaye","category-haberler-yerel","category-son-haberler","category-yerel","tag-bayram-alisverisi","tag-halep","tag-sam","tag-suriye","tag-suriye-carsilari","tag-suriyeliler","tag-tuketiciyi-koruma"],"_links":{"self":[{"href":"https:\/\/archive.sana.sy\/tr\/index.php?rest_route=\/wp\/v2\/posts\/151661","targetHints":{"allow":["GET"]}}],"collection":[{"href":"https:\/\/archive.sana.sy\/tr\/index.php?rest_route=\/wp\/v2\/posts"}],"about":[{"href":"https:\/\/archive.sana.sy\/tr\/index.php?rest_route=\/wp\/v2\/types\/post"}],"author":[{"embeddable":true,"href":"https:\/\/archive.sana.sy\/tr\/index.php?rest_route=\/wp\/v2\/users\/1"}],"replies":[{"embeddable":true,"href":"https:\/\/archive.sana.sy\/tr\/index.php?rest_route=%2Fwp%2Fv2%2Fcomments&post=151661"}],"version-history":[{"count":0,"href":"https:\/\/archive.sana.sy\/tr\/index.php?rest_route=\/wp\/v2\/posts\/151661\/revisions"}],"wp:featuredmedia":[{"embeddable":true,"href":"https:\/\/archive.sana.sy\/tr\/index.php?rest_route=\/wp\/v2\/media\/151669"}],"wp:attachment":[{"href":"https:\/\/archive.sana.sy\/tr\/index.php?rest_route=%2Fwp%2Fv2%2Fmedia&parent=151661"}],"wp:term":[{"taxonomy":"category","embeddable":true,"href":"https:\/\/archive.sana.sy\/tr\/index.php?rest_route=%2Fwp%2Fv2%2Fcategories&post=151661"},{"taxonomy":"post_tag","embeddable":true,"href":"https:\/\/archive.sana.sy\/tr\/index.php?rest_route=%2Fwp%2Fv2%2Ftags&post=151661"}],"curies":[{"name":"wp","href":"https:\/\/api.w.org\/{rel}","templated":true}]}}