{"id":151710,"date":"2018-06-13T14:46:14","date_gmt":"2018-06-13T11:46:14","guid":{"rendered":"https:\/\/www.sana.sy\/tr\/?p=151710"},"modified":"2018-06-13T14:46:14","modified_gmt":"2018-06-13T11:46:14","slug":"sam-kirsali-duma-kentinde-bayram-alisveris-festivali-buyuk-ilgi-goruyor","status":"publish","type":"post","link":"https:\/\/archive.sana.sy\/tr\/?p=151710","title":{"rendered":"\u015eam k\u0131rsal\u0131 Duma Kentinde bayram al\u0131\u015fveri\u015f festivali b\u00fcy\u00fck ilgi g\u00f6r\u00fcyor"},"content":{"rendered":"<p>\u015eam k\u0131rsal\u0131 Duma Kentinde bayram al\u0131\u015fveri\u015f festivali b\u00fcy\u00fck ilgi g\u00f6r\u00fcyor<\/p>\n<p>https:\/\/www.youtube.com\/watch?v=Xmd6A-aMN04<\/p>\n","protected":false},"excerpt":{"rendered":"<p>\u015eam k\u0131rsal\u0131 Duma Kentinde bayram al\u0131\u015fveri\u015f festivali b\u00fcy\u00fck ilgi g\u00f6r\u00fcyor https:\/\/www.youtube.com\/watch?v=Xmd6A-aMN04<\/p>\n","protected":false},"author":1,"featured_media":151727,"comment_status":"closed","ping_status":"closed","sticky":false,"template":"","format":"standard","meta":{"footnotes":""},"categories":[18295],"tags":[],"class_list":["post-151710","post","type-post","status-publish","format-standard","has-post-thumbnail","","category-sana-video"],"_links":{"self":[{"href":"https:\/\/archive.sana.sy\/tr\/index.php?rest_route=\/wp\/v2\/posts\/151710","targetHints":{"allow":["GET"]}}],"collection":[{"href":"https:\/\/archive.sana.sy\/tr\/index.php?rest_route=\/wp\/v2\/posts"}],"about":[{"href":"https:\/\/archive.sana.sy\/tr\/index.php?rest_route=\/wp\/v2\/types\/post"}],"author":[{"embeddable":true,"href":"https:\/\/archive.sana.sy\/tr\/index.php?rest_route=\/wp\/v2\/users\/1"}],"replies":[{"embeddable":true,"href":"https:\/\/archive.sana.sy\/tr\/index.php?rest_route=%2Fwp%2Fv2%2Fcomments&post=151710"}],"version-history":[{"count":0,"href":"https:\/\/archive.sana.sy\/tr\/index.php?rest_route=\/wp\/v2\/posts\/151710\/revisions"}],"wp:featuredmedia":[{"embeddable":true,"href":"https:\/\/archive.sana.sy\/tr\/index.php?rest_route=\/wp\/v2\/media\/151727"}],"wp:attachment":[{"href":"https:\/\/archive.sana.sy\/tr\/index.php?rest_route=%2Fwp%2Fv2%2Fmedia&parent=151710"}],"wp:term":[{"taxonomy":"category","embeddable":true,"href":"https:\/\/archive.sana.sy\/tr\/index.php?rest_route=%2Fwp%2Fv2%2Fcategories&post=151710"},{"taxonomy":"post_tag","embeddable":true,"href":"https:\/\/archive.sana.sy\/tr\/index.php?rest_route=%2Fwp%2Fv2%2Ftags&post=151710"}],"curies":[{"name":"wp","href":"https:\/\/api.w.org\/{rel}","templated":true}]}}