{"id":151742,"date":"2018-06-13T15:27:42","date_gmt":"2018-06-13T12:27:42","guid":{"rendered":"https:\/\/www.sana.sy\/tr\/?p=151742"},"modified":"2018-06-14T12:41:59","modified_gmt":"2018-06-14T09:41:59","slug":"akdeniz-olimpiyatlarina-katilacak-takimlarimiz-hazirliklarini-tamamladi","status":"publish","type":"post","link":"https:\/\/archive.sana.sy\/tr\/?p=151742","title":{"rendered":"Akdeniz Olimpiyatlar\u0131na Kat\u0131lacak Tak\u0131mlar\u0131m\u0131z Haz\u0131rl\u0131klar\u0131n\u0131 Tamamlad\u0131"},"content":{"rendered":"<p>\u015eAM \u2013 Bu ay\u0131n 20\u2019sinde \u0130spanya\u2019n\u0131n Tarragona \u015eehrinde d\u00fczenlenecek Akdeniz Olimpiyatlar\u0131na 12 spor dal\u0131yla kat\u0131lacak milli tak\u0131mlar\u0131m\u0131z t\u00fcm haz\u0131rl\u0131klar\u0131n\u0131 tamamlad\u0131.<\/p>\n<p>Spor Federasyonu Ba\u015fkan Yard\u0131mc\u0131s\u0131 Mahir Hayyata SANA\u2019n\u0131n spor b\u00fcltenine yapt\u0131\u011f\u0131 a\u00e7\u0131klamada; milli tak\u0131mlar\u0131m\u0131z\u0131n y\u00fcksek bir azim ve iradeyle olimpiyatlara kat\u0131lacaklar\u0131n\u0131 ifade etti. Hayyata Suriyeli sporcular\u0131n kriz s\u00fcresince sava\u015f ve yapt\u0131r\u0131mlar\u0131n sporcular\u0131 da hedef almas\u0131na ra\u011fmen uluslar aras\u0131 platformlarda \u00fcst\u00fcn bir ba\u015far\u0131 kaydettiklerini ifade etti.<\/p>\n<p>Suriyeli sporcular\u0131n sava\u015f ve yapt\u0131r\u0131m ko\u015fullar\u0131na ra\u011fmen t\u00fcm d\u00fcnyaya vermek istedikleri mesaj\u0131 ba\u015far\u0131yla verebildiklerine dikkat \u00e7eken Hayyata; Suriyeli sporcular\u0131n kat\u0131ld\u0131klar\u0131 t\u00fcm uluslar aras\u0131 spor faaliyetlerinde madalyalar kazand\u0131klar\u0131n\u0131 ve Suriye&#8217;nin \u015fanl\u0131 bayra\u011f\u0131n\u0131 onurla dalgaland\u0131rd\u0131klar\u0131n\u0131 belirtti.<\/p>\n<p>Hayyata sporcular\u0131m\u0131z\u0131n bu ba\u015far\u0131s\u0131n\u0131n yurtsever t\u00fcm Suriyelilerin herkesin bulundu\u011fu konumdan vatan\u0131n\u0131 onurla savundu\u011funun bir kan\u0131t\u0131 oldu\u011funa vurgu yapt\u0131.<\/p>\n","protected":false},"excerpt":{"rendered":"<p>\u015eAM \u2013 Bu ay\u0131n 20\u2019sinde \u0130spanya\u2019n\u0131n Tarragona \u015eehrinde d\u00fczenlenecek Akdeniz Olimpiyatlar\u0131na 12 spor dal\u0131yla kat\u0131lacak milli tak\u0131mlar\u0131m\u0131z t\u00fcm haz\u0131rl\u0131klar\u0131n\u0131 tamamlad\u0131. Spor Federasyonu Ba\u015fkan Yard\u0131mc\u0131s\u0131 Mahir Hayyata SANA\u2019n\u0131n spor b\u00fcltenine yapt\u0131\u011f\u0131 a\u00e7\u0131klamada; milli tak\u0131mlar\u0131m\u0131z\u0131n y\u00fcksek bir azim ve iradeyle olimpiyatlara kat\u0131lacaklar\u0131n\u0131 ifade etti. Hayyata Suriyeli sporcular\u0131n kriz s\u00fcresince sava\u015f ve yapt\u0131r\u0131mlar\u0131n sporcular\u0131 da hedef almas\u0131na ra\u011fmen &hellip;<\/p>\n","protected":false},"author":1,"featured_media":151743,"comment_status":"closed","ping_status":"closed","sticky":false,"template":"","format":"standard","meta":{"footnotes":""},"categories":[498,479,17988,496,478],"tags":[12319,36451,25739,36450],"class_list":["post-151742","post","type-post","status-publish","format-standard","has-post-thumbnail","","category-dunya-turnuvalari","category-haberler-yerel","category-son-haberler","category-spor","category-yerel","tag-spor","tag-akdeniz-olimpiyatlari","tag-ispanya","tag-tarragona-sehrinde"],"_links":{"self":[{"href":"https:\/\/archive.sana.sy\/tr\/index.php?rest_route=\/wp\/v2\/posts\/151742","targetHints":{"allow":["GET"]}}],"collection":[{"href":"https:\/\/archive.sana.sy\/tr\/index.php?rest_route=\/wp\/v2\/posts"}],"about":[{"href":"https:\/\/archive.sana.sy\/tr\/index.php?rest_route=\/wp\/v2\/types\/post"}],"author":[{"embeddable":true,"href":"https:\/\/archive.sana.sy\/tr\/index.php?rest_route=\/wp\/v2\/users\/1"}],"replies":[{"embeddable":true,"href":"https:\/\/archive.sana.sy\/tr\/index.php?rest_route=%2Fwp%2Fv2%2Fcomments&post=151742"}],"version-history":[{"count":0,"href":"https:\/\/archive.sana.sy\/tr\/index.php?rest_route=\/wp\/v2\/posts\/151742\/revisions"}],"wp:featuredmedia":[{"embeddable":true,"href":"https:\/\/archive.sana.sy\/tr\/index.php?rest_route=\/wp\/v2\/media\/151743"}],"wp:attachment":[{"href":"https:\/\/archive.sana.sy\/tr\/index.php?rest_route=%2Fwp%2Fv2%2Fmedia&parent=151742"}],"wp:term":[{"taxonomy":"category","embeddable":true,"href":"https:\/\/archive.sana.sy\/tr\/index.php?rest_route=%2Fwp%2Fv2%2Fcategories&post=151742"},{"taxonomy":"post_tag","embeddable":true,"href":"https:\/\/archive.sana.sy\/tr\/index.php?rest_route=%2Fwp%2Fv2%2Ftags&post=151742"}],"curies":[{"name":"wp","href":"https:\/\/api.w.org\/{rel}","templated":true}]}}