{"id":151919,"date":"2018-06-15T15:08:48","date_gmt":"2018-06-15T12:08:48","guid":{"rendered":"https:\/\/www.sana.sy\/tr\/?p=151919"},"modified":"2018-06-15T15:08:48","modified_gmt":"2018-06-15T12:08:48","slug":"ordu-ve-silahli-kuvvetler-genel-komutani-orgeneral-bessar-el-esadin-yonlendirmeleri-dogrultusunda-genel-komutan-yardimcisi-ve-savunma-bakani-korgeneral-ali-abdullah-eyup-ramazan-bayrami-munas","status":"publish","type":"post","link":"https:\/\/archive.sana.sy\/tr\/?p=151919","title":{"rendered":"Ordu ve Silahl\u0131 Kuvvetler Genel Komutan\u0131 Orgeneral Be\u015f\u015far el Esad\u2019\u0131n y\u00f6nlendirmeleri do\u011frultusunda Genel Komutan Yard\u0131mc\u0131s\u0131 ve Savunma Bakan\u0131 Korgeneral Ali Abdullah Ey\u00fcp Ramazan Bayram\u0131 m\u00fcnasebetiyle G\u00fcney B\u00f6lgesinde askeri bir birli\u011fi ziyaret etti\u200f"},"content":{"rendered":"<p>Ordu ve Silahl\u0131 Kuvvetler Genel Komutan\u0131 Orgeneral Be\u015f\u015far el Esad\u2019\u0131n y\u00f6nlendirmeleri do\u011frultusunda Genel Komutan Yard\u0131mc\u0131s\u0131 ve Savunma Bakan\u0131 Korgeneral Ali Abdullah Ey\u00fcp Ramazan Bayram\u0131 m\u00fcnasebetiyle G\u00fcney B\u00f6lgesinde askeri bir birli\u011fi ziyaret etti\u200f<\/p>\n<p>&nbsp;<\/p>\n","protected":false},"excerpt":{"rendered":"<p>Ordu ve Silahl\u0131 Kuvvetler Genel Komutan\u0131 Orgeneral Be\u015f\u015far el Esad\u2019\u0131n y\u00f6nlendirmeleri do\u011frultusunda Genel Komutan Yard\u0131mc\u0131s\u0131 ve Savunma Bakan\u0131 Korgeneral Ali Abdullah Ey\u00fcp Ramazan Bayram\u0131 m\u00fcnasebetiyle G\u00fcney B\u00f6lgesinde askeri bir birli\u011fi ziyaret etti\u200f &nbsp;<\/p>\n","protected":false},"author":1,"featured_media":0,"comment_status":"closed","ping_status":"closed","sticky":false,"template":"","format":"standard","meta":{"footnotes":""},"categories":[17991],"tags":[],"class_list":["post-151919","post","type-post","status-publish","format-standard","","category-son-dakika"],"_links":{"self":[{"href":"https:\/\/archive.sana.sy\/tr\/index.php?rest_route=\/wp\/v2\/posts\/151919","targetHints":{"allow":["GET"]}}],"collection":[{"href":"https:\/\/archive.sana.sy\/tr\/index.php?rest_route=\/wp\/v2\/posts"}],"about":[{"href":"https:\/\/archive.sana.sy\/tr\/index.php?rest_route=\/wp\/v2\/types\/post"}],"author":[{"embeddable":true,"href":"https:\/\/archive.sana.sy\/tr\/index.php?rest_route=\/wp\/v2\/users\/1"}],"replies":[{"embeddable":true,"href":"https:\/\/archive.sana.sy\/tr\/index.php?rest_route=%2Fwp%2Fv2%2Fcomments&post=151919"}],"version-history":[{"count":0,"href":"https:\/\/archive.sana.sy\/tr\/index.php?rest_route=\/wp\/v2\/posts\/151919\/revisions"}],"wp:attachment":[{"href":"https:\/\/archive.sana.sy\/tr\/index.php?rest_route=%2Fwp%2Fv2%2Fmedia&parent=151919"}],"wp:term":[{"taxonomy":"category","embeddable":true,"href":"https:\/\/archive.sana.sy\/tr\/index.php?rest_route=%2Fwp%2Fv2%2Fcategories&post=151919"},{"taxonomy":"post_tag","embeddable":true,"href":"https:\/\/archive.sana.sy\/tr\/index.php?rest_route=%2Fwp%2Fv2%2Ftags&post=151919"}],"curies":[{"name":"wp","href":"https:\/\/api.w.org\/{rel}","templated":true}]}}