{"id":152138,"date":"2018-06-19T14:00:22","date_gmt":"2018-06-19T11:00:22","guid":{"rendered":"https:\/\/www.sana.sy\/tr\/?p=152138"},"modified":"2018-06-19T13:59:24","modified_gmt":"2018-06-19T10:59:24","slug":"bakanlik-yayinladigi-beyanda-turkiye-ve-abd-guclerinin-menbicte-bulunduklari-bu-istilanin-suriye-halki-egemenligi-toprak-butunlugu-ve-selametine-bulunduklari-saldirilarin-devami-oldugunun","status":"publish","type":"post","link":"https:\/\/archive.sana.sy\/tr\/?p=152138","title":{"rendered":"Bakanl\u0131k yay\u0131nlad\u0131\u011f\u0131 beyanda T\u00fcrkiye ve ABD g\u00fc\u00e7lerinin Menbi\u00e7\u2019te bulunduklar\u0131 bu istilan\u0131n, Suriye halk\u0131, egemenli\u011fi, toprak b\u00fct\u00fcnl\u00fc\u011f\u00fc ve selametine bulunduklar\u0131 sald\u0131r\u0131lar\u0131n devam\u0131 oldu\u011funun alt\u0131n\u0131 \u00e7izdi."},"content":{"rendered":"<p>Bakanl\u0131k yay\u0131nlad\u0131\u011f\u0131 beyanda T\u00fcrkiye ve ABD g\u00fc\u00e7lerinin Menbi\u00e7\u2019te bulunduklar\u0131 bu istilan\u0131n, Suriye halk\u0131, egemenli\u011fi, toprak b\u00fct\u00fcnl\u00fc\u011f\u00fc ve selametine bulunduklar\u0131 sald\u0131r\u0131lar\u0131n devam\u0131 oldu\u011funun alt\u0131n\u0131 \u00e7izdi.<\/p>\n","protected":false},"excerpt":{"rendered":"<p>Bakanl\u0131k yay\u0131nlad\u0131\u011f\u0131 beyanda T\u00fcrkiye ve ABD g\u00fc\u00e7lerinin Menbi\u00e7\u2019te bulunduklar\u0131 bu istilan\u0131n, Suriye halk\u0131, egemenli\u011fi, toprak b\u00fct\u00fcnl\u00fc\u011f\u00fc ve selametine bulunduklar\u0131 sald\u0131r\u0131lar\u0131n devam\u0131 oldu\u011funun alt\u0131n\u0131 \u00e7izdi.<\/p>\n","protected":false},"author":1,"featured_media":0,"comment_status":"closed","ping_status":"closed","sticky":false,"template":"","format":"standard","meta":{"footnotes":""},"categories":[17991],"tags":[],"class_list":["post-152138","post","type-post","status-publish","format-standard","","category-son-dakika"],"_links":{"self":[{"href":"https:\/\/archive.sana.sy\/tr\/index.php?rest_route=\/wp\/v2\/posts\/152138","targetHints":{"allow":["GET"]}}],"collection":[{"href":"https:\/\/archive.sana.sy\/tr\/index.php?rest_route=\/wp\/v2\/posts"}],"about":[{"href":"https:\/\/archive.sana.sy\/tr\/index.php?rest_route=\/wp\/v2\/types\/post"}],"author":[{"embeddable":true,"href":"https:\/\/archive.sana.sy\/tr\/index.php?rest_route=\/wp\/v2\/users\/1"}],"replies":[{"embeddable":true,"href":"https:\/\/archive.sana.sy\/tr\/index.php?rest_route=%2Fwp%2Fv2%2Fcomments&post=152138"}],"version-history":[{"count":0,"href":"https:\/\/archive.sana.sy\/tr\/index.php?rest_route=\/wp\/v2\/posts\/152138\/revisions"}],"wp:attachment":[{"href":"https:\/\/archive.sana.sy\/tr\/index.php?rest_route=%2Fwp%2Fv2%2Fmedia&parent=152138"}],"wp:term":[{"taxonomy":"category","embeddable":true,"href":"https:\/\/archive.sana.sy\/tr\/index.php?rest_route=%2Fwp%2Fv2%2Fcategories&post=152138"},{"taxonomy":"post_tag","embeddable":true,"href":"https:\/\/archive.sana.sy\/tr\/index.php?rest_route=%2Fwp%2Fv2%2Ftags&post=152138"}],"curies":[{"name":"wp","href":"https:\/\/api.w.org\/{rel}","templated":true}]}}