{"id":152140,"date":"2018-06-19T14:06:44","date_gmt":"2018-06-19T11:06:44","guid":{"rendered":"https:\/\/www.sana.sy\/tr\/?p=152140"},"modified":"2018-06-19T14:05:12","modified_gmt":"2018-06-19T11:05:12","slug":"suriyenin-halki-ve-ordusuyla-ulusal-egemenlikten-odun-vermelerinin-hicbir-kosul-altinda-mumkun-olmadigini-vurgulayan-yetkili-kaynak-suriyenin-toprak-ve-halk-butunlugunu-korumak-icin-gerekenin-azi","status":"publish","type":"post","link":"https:\/\/archive.sana.sy\/tr\/?p=152140","title":{"rendered":"Suriye&#8217;nin halk\u0131 ve ordusuyla ulusal egemenlikten \u00f6d\u00fcn vermelerinin hi\u00e7bir ko\u015ful alt\u0131nda m\u00fcmk\u00fcn olmad\u0131\u011f\u0131n\u0131 vurgulayan yetkili kaynak; Suriye&#8217;nin toprak ve halk b\u00fct\u00fcnl\u00fc\u011f\u00fcn\u00fc korumak i\u00e7in gerekenin azim ve kararl\u0131l\u0131kla yap\u0131laca\u011f\u0131n\u0131n alt\u0131n\u0131 \u00e7izdi."},"content":{"rendered":"<p>Suriye&#8217;nin halk\u0131 ve ordusuyla ulusal egemenlikten \u00f6d\u00fcn vermelerinin hi\u00e7bir ko\u015ful alt\u0131nda m\u00fcmk\u00fcn olmad\u0131\u011f\u0131n\u0131 vurgulayan yetkili kaynak; Suriye&#8217;nin toprak ve halk b\u00fct\u00fcnl\u00fc\u011f\u00fcn\u00fc korumak i\u00e7in gerekenin azim ve kararl\u0131l\u0131kla yap\u0131laca\u011f\u0131n\u0131n alt\u0131n\u0131 \u00e7izdi.<\/p>\n","protected":false},"excerpt":{"rendered":"<p>Suriye&#8217;nin halk\u0131 ve ordusuyla ulusal egemenlikten \u00f6d\u00fcn vermelerinin hi\u00e7bir ko\u015ful alt\u0131nda m\u00fcmk\u00fcn olmad\u0131\u011f\u0131n\u0131 vurgulayan yetkili kaynak; Suriye&#8217;nin toprak ve halk b\u00fct\u00fcnl\u00fc\u011f\u00fcn\u00fc korumak i\u00e7in gerekenin azim ve kararl\u0131l\u0131kla yap\u0131laca\u011f\u0131n\u0131n alt\u0131n\u0131 \u00e7izdi.<\/p>\n","protected":false},"author":1,"featured_media":0,"comment_status":"closed","ping_status":"closed","sticky":false,"template":"","format":"standard","meta":{"footnotes":""},"categories":[17991],"tags":[],"class_list":["post-152140","post","type-post","status-publish","format-standard","","category-son-dakika"],"_links":{"self":[{"href":"https:\/\/archive.sana.sy\/tr\/index.php?rest_route=\/wp\/v2\/posts\/152140","targetHints":{"allow":["GET"]}}],"collection":[{"href":"https:\/\/archive.sana.sy\/tr\/index.php?rest_route=\/wp\/v2\/posts"}],"about":[{"href":"https:\/\/archive.sana.sy\/tr\/index.php?rest_route=\/wp\/v2\/types\/post"}],"author":[{"embeddable":true,"href":"https:\/\/archive.sana.sy\/tr\/index.php?rest_route=\/wp\/v2\/users\/1"}],"replies":[{"embeddable":true,"href":"https:\/\/archive.sana.sy\/tr\/index.php?rest_route=%2Fwp%2Fv2%2Fcomments&post=152140"}],"version-history":[{"count":0,"href":"https:\/\/archive.sana.sy\/tr\/index.php?rest_route=\/wp\/v2\/posts\/152140\/revisions"}],"wp:attachment":[{"href":"https:\/\/archive.sana.sy\/tr\/index.php?rest_route=%2Fwp%2Fv2%2Fmedia&parent=152140"}],"wp:term":[{"taxonomy":"category","embeddable":true,"href":"https:\/\/archive.sana.sy\/tr\/index.php?rest_route=%2Fwp%2Fv2%2Fcategories&post=152140"},{"taxonomy":"post_tag","embeddable":true,"href":"https:\/\/archive.sana.sy\/tr\/index.php?rest_route=%2Fwp%2Fv2%2Ftags&post=152140"}],"curies":[{"name":"wp","href":"https:\/\/api.w.org\/{rel}","templated":true}]}}