{"id":152146,"date":"2018-06-19T14:12:59","date_gmt":"2018-06-19T11:12:59","guid":{"rendered":"https:\/\/www.sana.sy\/tr\/?p=152146"},"modified":"2018-06-20T15:45:04","modified_gmt":"2018-06-20T12:45:04","slug":"suriye-turkiye-ve-abdnin-istilasini-kiniyor","status":"publish","type":"post","link":"https:\/\/archive.sana.sy\/tr\/?p=152146","title":{"rendered":"Suriye T\u00fcrkiye ve ABD\u2019nin \u0130stilas\u0131n\u0131 K\u0131n\u0131yor"},"content":{"rendered":"<p>\u015eAM \u2013 D\u0131\u015fi\u015fleri ve Gurbet\u00e7iler Bakanl\u0131\u011f\u0131 Suriye&#8217;nin; T\u00fcrkiye ve ABD g\u00fc\u00e7lerinin Halep k\u0131rsal\u0131 Menbic Kenti yak\u0131nlar\u0131nda bulunduklar\u0131 istilay\u0131 keskin bir dille k\u0131nad\u0131\u011f\u0131n\u0131 ve mutlak bir \u015fekilde reddetti\u011fini vurgulad\u0131.<\/p>\n<p>Bakanl\u0131kta yetkili bir kaynak; T\u00fcrkiye ve ABD g\u00fc\u00e7lerinin Menbi\u00e7\u2019te bulunduklar\u0131 bu istilan\u0131n, Suriye halk\u0131, egemenli\u011fi, toprak b\u00fct\u00fcnl\u00fc\u011f\u00fc ve selametine bulunduklar\u0131 sald\u0131r\u0131lar\u0131n devam\u0131 oldu\u011funun alt\u0131n\u0131 \u00e7izdi.<\/p>\n<p>Yetkili kaynak; adlar\u0131nda farkl\u0131 \u00f6zlerinde ayn\u0131 olan ter\u00f6r \u00f6rg\u00fctlere \u015fanl\u0131 zaferler kaydeden Suriye halk\u0131 ve kahraman ordusunun Suriye&#8217;nin istisnas\u0131z her kar\u0131\u015f topra\u011f\u0131n\u0131 ter\u00f6r ve yabanc\u0131 g\u00fc\u00e7lerden kurtarmaya her zamandan daha kararl\u0131 ve azimli oldu\u011funun alt\u0131n\u0131 \u00e7izdi.<\/p>\n<p>Suriye&#8217;nin halk\u0131 ve ordusuyla ulusal egemenlikten \u00f6d\u00fcn vermelerinin hi\u00e7bir ko\u015ful alt\u0131nda m\u00fcmk\u00fcn olmad\u0131\u011f\u0131n\u0131 vurgulayan yetkili kaynak; Suriye&#8217;nin toprak ve halk b\u00fct\u00fcnl\u00fc\u011f\u00fcn\u00fc korumak i\u00e7in gerekenin azim ve kararl\u0131l\u0131kla yap\u0131laca\u011f\u0131n\u0131n alt\u0131n\u0131 \u00e7izdi.<\/p>\n<p>Yetkili kaynak t\u00fcm uluslar aras\u0131 toplumdan T\u00fcrkiye ve ABD\u2019nin Suriye ve halk\u0131na kar\u015f\u0131 d\u00fc\u015fmanc\u0131 davran\u0131\u015flar\u0131n\u0131 k\u0131namas\u0131n\u0131 talep ederken, bu davran\u0131\u015flar\u0131n BM misak\u0131 ve uluslar aras\u0131 kanun-kararlara a\u00e7\u0131k bir ihlal te\u015fkil etti\u011fine dikkat \u00e7ekti.<\/p>\n<p>T\u00fcrkiye ve ABD\u2019nin Suriye&#8217;ye kar\u015f\u0131 sald\u0131r\u0131 ve istilalar\u0131ndan amac\u0131n Suriye&#8217;de sava\u015f s\u00fcresini uzatmakla birlikte daha fazla kanlar\u0131n ak\u0131t\u0131lmas\u0131na yol a\u00e7mak oldu\u011funu belirten yetkili kaynak; bunun b\u00f6lge ve halklar\u0131n\u0131n g\u00fcvenlik istikrar\u0131n\u0131 sabote etti\u011fini bir kez daha ifade etti.<\/p>\n","protected":false},"excerpt":{"rendered":"<p>\u015eAM \u2013 D\u0131\u015fi\u015fleri ve Gurbet\u00e7iler Bakanl\u0131\u011f\u0131 Suriye&#8217;nin; T\u00fcrkiye ve ABD g\u00fc\u00e7lerinin Halep k\u0131rsal\u0131 Menbic Kenti yak\u0131nlar\u0131nda bulunduklar\u0131 istilay\u0131 keskin bir dille k\u0131nad\u0131\u011f\u0131n\u0131 ve mutlak bir \u015fekilde reddetti\u011fini vurgulad\u0131. Bakanl\u0131kta yetkili bir kaynak; T\u00fcrkiye ve ABD g\u00fc\u00e7lerinin Menbi\u00e7\u2019te bulunduklar\u0131 bu istilan\u0131n, Suriye halk\u0131, egemenli\u011fi, toprak b\u00fct\u00fcnl\u00fc\u011f\u00fc ve selametine bulunduklar\u0131 sald\u0131r\u0131lar\u0131n devam\u0131 oldu\u011funun alt\u0131n\u0131 \u00e7izdi. Yetkili kaynak; &hellip;<\/p>\n","protected":false},"author":1,"featured_media":152148,"comment_status":"closed","ping_status":"closed","sticky":false,"template":"","format":"standard","meta":{"footnotes":""},"categories":[479,17988,2554,2555,478],"tags":[29636,2420,27461,1132,22520,16591,12240,34535,19034,36522],"class_list":["post-152146","post","type-post","status-publish","format-standard","has-post-thumbnail","","category-haberler-yerel","category-son-haberler","category-suriye-ve-dunya","category-suriye-ve-turkiye","category-yerel","tag-abd-gucleri","tag-disisleri-bakanligi","tag-firat-kalkani","tag-halep","tag-menbic","tag-suriye","tag-suriye-hukumeti","tag-suriye-operasyonu","tag-suriyeli-muhalifler","tag-turk-ordusu-suriyede"],"_links":{"self":[{"href":"https:\/\/archive.sana.sy\/tr\/index.php?rest_route=\/wp\/v2\/posts\/152146","targetHints":{"allow":["GET"]}}],"collection":[{"href":"https:\/\/archive.sana.sy\/tr\/index.php?rest_route=\/wp\/v2\/posts"}],"about":[{"href":"https:\/\/archive.sana.sy\/tr\/index.php?rest_route=\/wp\/v2\/types\/post"}],"author":[{"embeddable":true,"href":"https:\/\/archive.sana.sy\/tr\/index.php?rest_route=\/wp\/v2\/users\/1"}],"replies":[{"embeddable":true,"href":"https:\/\/archive.sana.sy\/tr\/index.php?rest_route=%2Fwp%2Fv2%2Fcomments&post=152146"}],"version-history":[{"count":0,"href":"https:\/\/archive.sana.sy\/tr\/index.php?rest_route=\/wp\/v2\/posts\/152146\/revisions"}],"wp:featuredmedia":[{"embeddable":true,"href":"https:\/\/archive.sana.sy\/tr\/index.php?rest_route=\/wp\/v2\/media\/152148"}],"wp:attachment":[{"href":"https:\/\/archive.sana.sy\/tr\/index.php?rest_route=%2Fwp%2Fv2%2Fmedia&parent=152146"}],"wp:term":[{"taxonomy":"category","embeddable":true,"href":"https:\/\/archive.sana.sy\/tr\/index.php?rest_route=%2Fwp%2Fv2%2Fcategories&post=152146"},{"taxonomy":"post_tag","embeddable":true,"href":"https:\/\/archive.sana.sy\/tr\/index.php?rest_route=%2Fwp%2Fv2%2Ftags&post=152146"}],"curies":[{"name":"wp","href":"https:\/\/api.w.org\/{rel}","templated":true}]}}