{"id":15237,"date":"2014-11-10T22:35:46","date_gmt":"2014-11-10T20:35:46","guid":{"rendered":"http:\/\/www.sana.sy\/tr\/?p=15237"},"modified":"2014-11-10T22:35:46","modified_gmt":"2014-11-10T20:35:46","slug":"uretime-en-kisa-surede-yeniden-baslamak-icin-gerekli-icraatlar-alindi","status":"publish","type":"post","link":"https:\/\/archive.sana.sy\/tr\/?p=15237","title":{"rendered":"\u00dcretime En K\u0131sa S\u00fcrede Yeniden Ba\u015flamak \u0130\u00e7in Gerekli \u0130craatlar Al\u0131nd\u0131"},"content":{"rendered":"<p>HOMS \u2013 Petrol ve Madeni Servet Bakan\u0131 S\u00fcleyman el Abbas;\u00a0 Heyyan ve Eybla petrol \u015firketleri kapsam\u0131nda \u00e7al\u0131\u015fan g\u00f6revliler ile, silahl\u0131 ter\u00f6r gruplar\u0131 sald\u0131r\u0131lar\u0131 sonucu zarar g\u00f6ren kurulu\u015flar\u0131n onar\u0131m\u0131n\u0131n yap\u0131lmas\u0131 ve m\u00fcmk\u00fcn olan en k\u0131sa s\u00fcrede \u00fcretimin yeniden ba\u015flamas\u0131 i\u00e7in gerekli plan, proje ve koordinasyonun sa\u011fland\u0131\u011f\u0131n\u0131 dile getirdi.<\/p>\n<p>El \u015eear B\u00f6lgesinde bulunan do\u011falgaz kurulu\u015flar\u0131n\u0131 bug\u00fcn sabah saatlerinde ziyaret eden Bakan Abbas; ter\u00f6r sald\u0131r\u0131lar\u0131 sonucu \u00e7al\u0131\u015fmalar\u0131 aksayan kurulu\u015flar\u0131n yeniden \u00e7al\u0131\u015ft\u0131r\u0131lmas\u0131 i\u00e7in harcanan \u00e7aban\u0131n katlanarak b\u00fcy\u00fcd\u00fc\u011f\u00fcne de\u011finerek; elektrik santrallerinin do\u011falgaz ile desteklenmesinin elektrik kesintilerinin azalmas\u0131n\u0131 sa\u011flayaca\u011f\u0131n\u0131 ibraz etti.<\/p>\n<p>Heyyan Do\u011falgaz Santralinin iki g\u00fcn \u00f6nce a\u015famal\u0131 olarak faaliyete ge\u00e7ti\u011fine i\u015faret eden Abbas; santralin \u00e7al\u0131\u015fmaya ba\u015flad\u0131\u011f\u0131 ilk g\u00fcn g\u00fcnde 400 metrek\u00fcp kapasite ile \u00e7al\u0131\u015f\u0131rken \u015fu anda kapasitenin g\u00fcnde 2,4 milyon metrek\u00fcpe y\u00fckseldi\u011fini beyan etti.<\/p>\n<p>Abbas\u2019\u0131n ziyaretine Suriye Do\u011falgaz Kurumu Genel M\u00fcd\u00fcr\u00fc Ali el Derbuli ve Petrol Kamu Kurumu Genel M\u00fcd\u00fcr\u00fc Ali Abbas e\u015flik etti.<\/p>\n","protected":false},"excerpt":{"rendered":"<p>HOMS \u2013 Petrol ve Madeni Servet Bakan\u0131 S\u00fcleyman el Abbas;\u00a0 Heyyan ve Eybla petrol \u015firketleri kapsam\u0131nda \u00e7al\u0131\u015fan g\u00f6revliler ile, silahl\u0131 ter\u00f6r gruplar\u0131 sald\u0131r\u0131lar\u0131 sonucu zarar g\u00f6ren kurulu\u015flar\u0131n onar\u0131m\u0131n\u0131n yap\u0131lmas\u0131 ve m\u00fcmk\u00fcn olan en k\u0131sa s\u00fcrede \u00fcretimin yeniden ba\u015flamas\u0131 i\u00e7in gerekli plan, proje ve koordinasyonun sa\u011fland\u0131\u011f\u0131n\u0131 dile getirdi. El \u015eear B\u00f6lgesinde bulunan do\u011falgaz kurulu\u015flar\u0131n\u0131 bug\u00fcn sabah &hellip;<\/p>\n","protected":false},"author":1,"featured_media":15238,"comment_status":"closed","ping_status":"closed","sticky":false,"template":"","format":"standard","meta":{"footnotes":""},"categories":[485,479,478],"tags":[5506,5505,5504,5503],"class_list":["post-15237","post","type-post","status-publish","format-standard","has-post-thumbnail","","category-is-ve-sermaye","category-haberler-yerel","category-yerel","tag-4-milyon-metrekupe-yukseldigini-beyan-etti-abbasin-ziyaretine-suriye-dogalgaz-kurumu-genel-muduru-ali-el-derbuli-ve-petrol-kamu-kurumu-genel-muduru-ali-abbas-eslik-etti","tag-proje-ve-koordinasyonun-saglandigini-dile-getirdi-el-sear-bolgesinde-bulunan-dogalgaz-kuruluslarini-bugun-sabah-saatlerinde-ziyaret-eden-bakan-abbas-teror-saldirilari-sonucu-calismalari-aksayan-kuru","tag-silahli-teror-gruplari-saldirilari-sonucu-zarar-goren-kuruluslarin-onariminin-yapilmasi-ve-mumkun-olan-en-kisa-surede-uretimin-yeniden-baslamasi-icin-gerekli-plan","tag-uretime-en-kisa-surede-yeniden-baslamak-icin-gerekli-icraatlar-alindi-homs-petrol-ve-madeni-servet-bakani-suleyman-el-abbas-heyyan-ve-eybla-petrol-sirketleri-kapsaminda-calisan-gorevliler-i"],"_links":{"self":[{"href":"https:\/\/archive.sana.sy\/tr\/index.php?rest_route=\/wp\/v2\/posts\/15237","targetHints":{"allow":["GET"]}}],"collection":[{"href":"https:\/\/archive.sana.sy\/tr\/index.php?rest_route=\/wp\/v2\/posts"}],"about":[{"href":"https:\/\/archive.sana.sy\/tr\/index.php?rest_route=\/wp\/v2\/types\/post"}],"author":[{"embeddable":true,"href":"https:\/\/archive.sana.sy\/tr\/index.php?rest_route=\/wp\/v2\/users\/1"}],"replies":[{"embeddable":true,"href":"https:\/\/archive.sana.sy\/tr\/index.php?rest_route=%2Fwp%2Fv2%2Fcomments&post=15237"}],"version-history":[{"count":0,"href":"https:\/\/archive.sana.sy\/tr\/index.php?rest_route=\/wp\/v2\/posts\/15237\/revisions"}],"wp:featuredmedia":[{"embeddable":true,"href":"https:\/\/archive.sana.sy\/tr\/index.php?rest_route=\/wp\/v2\/media\/15238"}],"wp:attachment":[{"href":"https:\/\/archive.sana.sy\/tr\/index.php?rest_route=%2Fwp%2Fv2%2Fmedia&parent=15237"}],"wp:term":[{"taxonomy":"category","embeddable":true,"href":"https:\/\/archive.sana.sy\/tr\/index.php?rest_route=%2Fwp%2Fv2%2Fcategories&post=15237"},{"taxonomy":"post_tag","embeddable":true,"href":"https:\/\/archive.sana.sy\/tr\/index.php?rest_route=%2Fwp%2Fv2%2Ftags&post=15237"}],"curies":[{"name":"wp","href":"https:\/\/api.w.org\/{rel}","templated":true}]}}