{"id":152398,"date":"2018-06-23T15:30:07","date_gmt":"2018-06-23T12:30:07","guid":{"rendered":"https:\/\/www.sana.sy\/tr\/?p=152398"},"modified":"2018-06-23T15:30:07","modified_gmt":"2018-06-23T12:30:07","slug":"1-suriye-genclik-konferansinda-12-17-yaslari-gencler-dusuncelerini-ifade-ediyor","status":"publish","type":"post","link":"https:\/\/archive.sana.sy\/tr\/?p=152398","title":{"rendered":"1. Suriye Gen\u00e7lik Konferans\u0131nda 12-17 ya\u015flar\u0131 gen\u00e7ler d\u00fc\u015f\u00fcncelerini ifade ediyor"},"content":{"rendered":"<p>1. Suriye Gen\u00e7lik Konferans\u0131nda 12-17 ya\u015flar\u0131 gen\u00e7ler d\u00fc\u015f\u00fcncelerini ifade ediyor<\/p>\n<p>https:\/\/www.youtube.com\/watch?v=Pd2hSihNjG4<\/p>\n","protected":false},"excerpt":{"rendered":"<p>1. Suriye Gen\u00e7lik Konferans\u0131nda 12-17 ya\u015flar\u0131 gen\u00e7ler d\u00fc\u015f\u00fcncelerini ifade ediyor https:\/\/www.youtube.com\/watch?v=Pd2hSihNjG4<\/p>\n","protected":false},"author":1,"featured_media":152404,"comment_status":"closed","ping_status":"closed","sticky":false,"template":"","format":"standard","meta":{"footnotes":""},"categories":[18295],"tags":[],"class_list":["post-152398","post","type-post","status-publish","format-standard","has-post-thumbnail","","category-sana-video"],"_links":{"self":[{"href":"https:\/\/archive.sana.sy\/tr\/index.php?rest_route=\/wp\/v2\/posts\/152398","targetHints":{"allow":["GET"]}}],"collection":[{"href":"https:\/\/archive.sana.sy\/tr\/index.php?rest_route=\/wp\/v2\/posts"}],"about":[{"href":"https:\/\/archive.sana.sy\/tr\/index.php?rest_route=\/wp\/v2\/types\/post"}],"author":[{"embeddable":true,"href":"https:\/\/archive.sana.sy\/tr\/index.php?rest_route=\/wp\/v2\/users\/1"}],"replies":[{"embeddable":true,"href":"https:\/\/archive.sana.sy\/tr\/index.php?rest_route=%2Fwp%2Fv2%2Fcomments&post=152398"}],"version-history":[{"count":0,"href":"https:\/\/archive.sana.sy\/tr\/index.php?rest_route=\/wp\/v2\/posts\/152398\/revisions"}],"wp:featuredmedia":[{"embeddable":true,"href":"https:\/\/archive.sana.sy\/tr\/index.php?rest_route=\/wp\/v2\/media\/152404"}],"wp:attachment":[{"href":"https:\/\/archive.sana.sy\/tr\/index.php?rest_route=%2Fwp%2Fv2%2Fmedia&parent=152398"}],"wp:term":[{"taxonomy":"category","embeddable":true,"href":"https:\/\/archive.sana.sy\/tr\/index.php?rest_route=%2Fwp%2Fv2%2Fcategories&post=152398"},{"taxonomy":"post_tag","embeddable":true,"href":"https:\/\/archive.sana.sy\/tr\/index.php?rest_route=%2Fwp%2Fv2%2Ftags&post=152398"}],"curies":[{"name":"wp","href":"https:\/\/api.w.org\/{rel}","templated":true}]}}