{"id":152429,"date":"2018-06-24T12:15:50","date_gmt":"2018-06-24T09:15:50","guid":{"rendered":"https:\/\/www.sana.sy\/tr\/?p=152429"},"modified":"2018-06-29T12:51:33","modified_gmt":"2018-06-29T09:51:33","slug":"uluslararasi-yuzucumuz-altin-madalya-kazandi","status":"publish","type":"post","link":"https:\/\/archive.sana.sy\/tr\/?p=152429","title":{"rendered":"Uluslararas\u0131 Y\u00fcz\u00fcc\u00fcm\u00fcz Alt\u0131n Madalya Kazand\u0131"},"content":{"rendered":"<p>MOSKOVA \u2013 Uluslararas\u0131 y\u00fcz\u00fcc\u00fcm\u00fcz Firas Mualla, Rusya\u2019n\u0131n Anapa \u015eehrinde Karadeniz k\u0131y\u0131lar\u0131nda d\u00fczenlenen Rusya Federasyonu A\u00e7\u0131k Su Y\u00fczme \u015eampiyonas\u0131nda birincili\u011fi kazanarak alt\u0131n madalya ald\u0131.<\/p>\n<p>Mualla SANA\u2019ya verdi\u011fi deme\u00e7te 147 y\u00fcz\u00fcc\u00fcn\u00fcn kat\u0131l\u0131m\u0131yla 2,5 km mesafelik y\u00fczme yar\u0131\u015f\u0131nda kaydetti\u011fi bu \u00fcst\u00fcn ba\u015far\u0131n\u0131n Suriye&#8217;nin uluslar aras\u0131 spor ba\u015far\u0131lar\u0131 zincirinin yeni bir halkas\u0131 oldu\u011funu ifade etti.<\/p>\n<p>Uluslar aras\u0131 \u00e7ok say\u0131da madalya ve \u00f6d\u00fcl sahibi Mualla; Rusya \u015eampiyonas\u0131na kat\u0131l\u0131m\u0131n\u0131n, \u00f6n\u00fcm\u00fczdeki Eyl\u00fcl Ay\u0131nda Slovenya\u2019da 3 km ve 5 km mesafede d\u00fczenlenecek Avrupa Y\u00fczme \u015eampiyonas\u0131na haz\u0131rl\u0131k niteli\u011finde oldu\u011funa i\u015faret etti.<\/p>\n<p>1971 do\u011fumlu Mualla 2007 y\u0131l\u0131nda K\u0131br\u0131s Adas\u0131ndan Lazkiye\u2019ye kadar 110 kilometrelik mesafeyi 41 saatlik bir zaman i\u00e7inde y\u00fczerek, Avrupa\u2019dan Asya\u2019ya kadar y\u00fczen d\u00fcnyan\u0131n ilk y\u00fcz\u00fcc\u00fcs\u00fc say\u0131l\u0131yor. Mualla 2002 y\u0131l\u0131nda da \u0130ngiltere ve Fransa aras\u0131ndaki Man\u015f kanal\u0131n\u0131 20 saat bir zaman s\u00fcresinde y\u00fczm\u00fc\u015ft\u00fc.<\/p>\n","protected":false},"excerpt":{"rendered":"<p>MOSKOVA \u2013 Uluslararas\u0131 y\u00fcz\u00fcc\u00fcm\u00fcz Firas Mualla, Rusya\u2019n\u0131n Anapa \u015eehrinde Karadeniz k\u0131y\u0131lar\u0131nda d\u00fczenlenen Rusya Federasyonu A\u00e7\u0131k Su Y\u00fczme \u015eampiyonas\u0131nda birincili\u011fi kazanarak alt\u0131n madalya ald\u0131. Mualla SANA\u2019ya verdi\u011fi deme\u00e7te 147 y\u00fcz\u00fcc\u00fcn\u00fcn kat\u0131l\u0131m\u0131yla 2,5 km mesafelik y\u00fczme yar\u0131\u015f\u0131nda kaydetti\u011fi bu \u00fcst\u00fcn ba\u015far\u0131n\u0131n Suriye&#8217;nin uluslar aras\u0131 spor ba\u015far\u0131lar\u0131 zincirinin yeni bir halkas\u0131 oldu\u011funu ifade etti. Uluslar aras\u0131 \u00e7ok say\u0131da &hellip;<\/p>\n","protected":false},"author":1,"featured_media":152444,"comment_status":"closed","ping_status":"closed","sticky":false,"template":"","format":"standard","meta":{"footnotes":""},"categories":[458,498,459,17988,496],"tags":[20359,36275,33090,36577,36576,20369],"class_list":["post-152429","post","type-post","status-publish","format-standard","has-post-thumbnail","","category-dunya1","category-dunya-turnuvalari","category-haberler-arap-uluslararasi-politika","category-son-haberler","category-spor","tag-altin-madalya","tag-dunya-sampiyonu","tag-firas-mualla","tag-ilk-yuzucu","tag-suriyeli-yuzucu","tag-yuzme-sampiyonu"],"_links":{"self":[{"href":"https:\/\/archive.sana.sy\/tr\/index.php?rest_route=\/wp\/v2\/posts\/152429","targetHints":{"allow":["GET"]}}],"collection":[{"href":"https:\/\/archive.sana.sy\/tr\/index.php?rest_route=\/wp\/v2\/posts"}],"about":[{"href":"https:\/\/archive.sana.sy\/tr\/index.php?rest_route=\/wp\/v2\/types\/post"}],"author":[{"embeddable":true,"href":"https:\/\/archive.sana.sy\/tr\/index.php?rest_route=\/wp\/v2\/users\/1"}],"replies":[{"embeddable":true,"href":"https:\/\/archive.sana.sy\/tr\/index.php?rest_route=%2Fwp%2Fv2%2Fcomments&post=152429"}],"version-history":[{"count":0,"href":"https:\/\/archive.sana.sy\/tr\/index.php?rest_route=\/wp\/v2\/posts\/152429\/revisions"}],"wp:featuredmedia":[{"embeddable":true,"href":"https:\/\/archive.sana.sy\/tr\/index.php?rest_route=\/wp\/v2\/media\/152444"}],"wp:attachment":[{"href":"https:\/\/archive.sana.sy\/tr\/index.php?rest_route=%2Fwp%2Fv2%2Fmedia&parent=152429"}],"wp:term":[{"taxonomy":"category","embeddable":true,"href":"https:\/\/archive.sana.sy\/tr\/index.php?rest_route=%2Fwp%2Fv2%2Fcategories&post=152429"},{"taxonomy":"post_tag","embeddable":true,"href":"https:\/\/archive.sana.sy\/tr\/index.php?rest_route=%2Fwp%2Fv2%2Ftags&post=152429"}],"curies":[{"name":"wp","href":"https:\/\/api.w.org\/{rel}","templated":true}]}}