{"id":152432,"date":"2018-06-24T12:46:09","date_gmt":"2018-06-24T09:46:09","guid":{"rendered":"https:\/\/www.sana.sy\/tr\/?p=152432"},"modified":"2018-06-29T12:51:27","modified_gmt":"2018-06-29T09:51:27","slug":"nusra-cephesinin-saldirisi-cokertildi","status":"publish","type":"post","link":"https:\/\/archive.sana.sy\/tr\/?p=152432","title":{"rendered":"Nusra Cephesinin Sald\u0131r\u0131s\u0131 \u00c7\u00f6kertildi"},"content":{"rendered":"<p>HAMA \u2013 Ordu birliklerimiz Halk Savunma G\u00fc\u00e7leri ile i\u015fbirli\u011fi i\u00e7inde bug\u00fcn, Nusra Cephesi ve \u00e7at\u0131s\u0131 alt\u0131ndaki ter\u00f6r \u00f6rg\u00fctlerin Hama k\u0131rsal\u0131n\u0131n kuzeyinde askeri mevkilere bulunduklar\u0131 sald\u0131r\u0131 giri\u015fimine ba\u015far\u0131yla kar\u015f\u0131 koydu.<\/p>\n<p>SANA\u2019n\u0131n Hama muhabiri il k\u0131rsal\u0131n\u0131n kuzeyi Zillin Beldesi yak\u0131nlar\u0131nda ya\u015fanan \u015fiddetli \u00e7at\u0131\u015fmalarda sald\u0131rgan radikal ter\u00f6ristlerin \u00e7o\u011funun \u00f6l\u00fc yaral\u0131 d\u00fc\u015f\u00fcr\u00fclmeleri ard\u0131ndan sa\u011f kalanlar\u0131n geri ka\u00e7t\u0131klar\u0131n\u0131 ifade etti. Muhabir ordu birliklerimizin ter\u00f6ristlerin hareket eksenlerini yo\u011fun ate\u015fe tuttuklar\u0131na dikkat \u00e7ekerken, onlara ait a\u011f\u0131r makineli silahlarla donat\u0131lm\u0131\u015f bir\u00e7ok arac\u0131n imha edildi\u011fini kaydetti.<\/p>\n<p>Hama k\u0131rsal\u0131n\u0131n kuzeyinde geneli T\u00fcrkiye s\u0131n\u0131rlar\u0131 \u00fczerinden Suriye&#8217;ye s\u0131zan kiral\u0131k yabanc\u0131 ter\u00f6ristler bulunup i\u015fverenleri d\u0131\u015f g\u00fc\u00e7lerin talimat deste\u011fi ile civar b\u00f6lgelerde sivil yerle\u015fim alanlar\u0131 ve askeri mevkilere sald\u0131r\u0131yor.<\/p>\n","protected":false},"excerpt":{"rendered":"<p>HAMA \u2013 Ordu birliklerimiz Halk Savunma G\u00fc\u00e7leri ile i\u015fbirli\u011fi i\u00e7inde bug\u00fcn, Nusra Cephesi ve \u00e7at\u0131s\u0131 alt\u0131ndaki ter\u00f6r \u00f6rg\u00fctlerin Hama k\u0131rsal\u0131n\u0131n kuzeyinde askeri mevkilere bulunduklar\u0131 sald\u0131r\u0131 giri\u015fimine ba\u015far\u0131yla kar\u015f\u0131 koydu. SANA\u2019n\u0131n Hama muhabiri il k\u0131rsal\u0131n\u0131n kuzeyi Zillin Beldesi yak\u0131nlar\u0131nda ya\u015fanan \u015fiddetli \u00e7at\u0131\u015fmalarda sald\u0131rgan radikal ter\u00f6ristlerin \u00e7o\u011funun \u00f6l\u00fc yaral\u0131 d\u00fc\u015f\u00fcr\u00fclmeleri ard\u0131ndan sa\u011f kalanlar\u0131n geri ka\u00e7t\u0131klar\u0131n\u0131 ifade etti. &hellip;<\/p>\n","protected":false},"author":1,"featured_media":152433,"comment_status":"closed","ping_status":"closed","sticky":false,"template":"","format":"standard","meta":{"footnotes":""},"categories":[479,575,17988,478],"tags":[3464,18237,2492,16591,11549,19034,22181,28327],"class_list":["post-152432","post","type-post","status-publish","format-standard","has-post-thumbnail","","category-haberler-yerel","category-olaylar-ve-gercekler","category-son-haberler","category-yerel","tag-nusra-cephesi","tag-cihatcilar","tag-hama","tag-suriye","tag-suriye-ordusu","tag-suriyeli-muhalifler","tag-suriyeliler","tag-tahrir-el-sam"],"_links":{"self":[{"href":"https:\/\/archive.sana.sy\/tr\/index.php?rest_route=\/wp\/v2\/posts\/152432","targetHints":{"allow":["GET"]}}],"collection":[{"href":"https:\/\/archive.sana.sy\/tr\/index.php?rest_route=\/wp\/v2\/posts"}],"about":[{"href":"https:\/\/archive.sana.sy\/tr\/index.php?rest_route=\/wp\/v2\/types\/post"}],"author":[{"embeddable":true,"href":"https:\/\/archive.sana.sy\/tr\/index.php?rest_route=\/wp\/v2\/users\/1"}],"replies":[{"embeddable":true,"href":"https:\/\/archive.sana.sy\/tr\/index.php?rest_route=%2Fwp%2Fv2%2Fcomments&post=152432"}],"version-history":[{"count":0,"href":"https:\/\/archive.sana.sy\/tr\/index.php?rest_route=\/wp\/v2\/posts\/152432\/revisions"}],"wp:featuredmedia":[{"embeddable":true,"href":"https:\/\/archive.sana.sy\/tr\/index.php?rest_route=\/wp\/v2\/media\/152433"}],"wp:attachment":[{"href":"https:\/\/archive.sana.sy\/tr\/index.php?rest_route=%2Fwp%2Fv2%2Fmedia&parent=152432"}],"wp:term":[{"taxonomy":"category","embeddable":true,"href":"https:\/\/archive.sana.sy\/tr\/index.php?rest_route=%2Fwp%2Fv2%2Fcategories&post=152432"},{"taxonomy":"post_tag","embeddable":true,"href":"https:\/\/archive.sana.sy\/tr\/index.php?rest_route=%2Fwp%2Fv2%2Ftags&post=152432"}],"curies":[{"name":"wp","href":"https:\/\/api.w.org\/{rel}","templated":true}]}}