{"id":152435,"date":"2018-06-24T12:50:01","date_gmt":"2018-06-24T09:50:01","guid":{"rendered":"https:\/\/www.sana.sy\/tr\/?p=152435"},"modified":"2018-06-24T12:50:01","modified_gmt":"2018-06-24T09:50:01","slug":"dera-kirsalinin-dogusu-lucat-bolgesinde-bulunan-kiralik-teror-orgutlerin-suveyda-kirsalinin-batisi-dovr-beldesine-fuzelerle-saldirmalari-sonucunda-kucuk-bir-kiz-cocugu-yaralandi","status":"publish","type":"post","link":"https:\/\/archive.sana.sy\/tr\/?p=152435","title":{"rendered":"Dera k\u0131rsal\u0131n\u0131n do\u011fusu L\u00fccat B\u00f6lgesinde bulunan kiral\u0131k ter\u00f6r \u00f6rg\u00fctlerin S\u00fcveyda k\u0131rsal\u0131n\u0131n bat\u0131s\u0131 Dovr Beldesine f\u00fczelerle sald\u0131rmalar\u0131 sonucunda k\u00fc\u00e7\u00fck bir k\u0131z \u00e7ocu\u011fu yaraland\u0131"},"content":{"rendered":"<p>Dera k\u0131rsal\u0131n\u0131n do\u011fusu L\u00fccat B\u00f6lgesinde bulunan kiral\u0131k ter\u00f6r \u00f6rg\u00fctlerin S\u00fcveyda k\u0131rsal\u0131n\u0131n bat\u0131s\u0131 Dovr Beldesine f\u00fczelerle sald\u0131rmalar\u0131 sonucunda k\u00fc\u00e7\u00fck bir k\u0131z \u00e7ocu\u011fu yaraland\u0131<\/p>\n","protected":false},"excerpt":{"rendered":"<p>Dera k\u0131rsal\u0131n\u0131n do\u011fusu L\u00fccat B\u00f6lgesinde bulunan kiral\u0131k ter\u00f6r \u00f6rg\u00fctlerin S\u00fcveyda k\u0131rsal\u0131n\u0131n bat\u0131s\u0131 Dovr Beldesine f\u00fczelerle sald\u0131rmalar\u0131 sonucunda k\u00fc\u00e7\u00fck bir k\u0131z \u00e7ocu\u011fu yaraland\u0131<\/p>\n","protected":false},"author":1,"featured_media":0,"comment_status":"closed","ping_status":"closed","sticky":false,"template":"","format":"standard","meta":{"footnotes":""},"categories":[17991],"tags":[],"class_list":["post-152435","post","type-post","status-publish","format-standard","","category-son-dakika"],"_links":{"self":[{"href":"https:\/\/archive.sana.sy\/tr\/index.php?rest_route=\/wp\/v2\/posts\/152435","targetHints":{"allow":["GET"]}}],"collection":[{"href":"https:\/\/archive.sana.sy\/tr\/index.php?rest_route=\/wp\/v2\/posts"}],"about":[{"href":"https:\/\/archive.sana.sy\/tr\/index.php?rest_route=\/wp\/v2\/types\/post"}],"author":[{"embeddable":true,"href":"https:\/\/archive.sana.sy\/tr\/index.php?rest_route=\/wp\/v2\/users\/1"}],"replies":[{"embeddable":true,"href":"https:\/\/archive.sana.sy\/tr\/index.php?rest_route=%2Fwp%2Fv2%2Fcomments&post=152435"}],"version-history":[{"count":0,"href":"https:\/\/archive.sana.sy\/tr\/index.php?rest_route=\/wp\/v2\/posts\/152435\/revisions"}],"wp:attachment":[{"href":"https:\/\/archive.sana.sy\/tr\/index.php?rest_route=%2Fwp%2Fv2%2Fmedia&parent=152435"}],"wp:term":[{"taxonomy":"category","embeddable":true,"href":"https:\/\/archive.sana.sy\/tr\/index.php?rest_route=%2Fwp%2Fv2%2Fcategories&post=152435"},{"taxonomy":"post_tag","embeddable":true,"href":"https:\/\/archive.sana.sy\/tr\/index.php?rest_route=%2Fwp%2Fv2%2Ftags&post=152435"}],"curies":[{"name":"wp","href":"https:\/\/api.w.org\/{rel}","templated":true}]}}